{"id":12815,"date":"2025-11-13T14:15:13","date_gmt":"2025-11-13T13:15:13","guid":{"rendered":"https:\/\/efimarket.com\/blog\/?p=12815"},"modified":"2026-01-21T09:56:54","modified_gmt":"2026-01-21T08:56:54","slug":"que-potencia-de-calefaccion-necesitas-segun-los-metros-cuadrados","status":"publish","type":"post","link":"https:\/\/efimarket.com\/blog\/que-potencia-de-calefaccion-necesitas-segun-los-metros-cuadrados\/","title":{"rendered":"\u00bfQu\u00e9 potencia de calefacci\u00f3n necesitas seg\u00fan los m\u00b2 de tu hogar?"},"content":{"rendered":"\n<p>Elegir la potencia adecuada para calentar tu casa no es tan complicado como parece. Muchas veces el problema no es el tipo de calefactor que tienes, sino que no tiene la potencia suficiente para la habitaci\u00f3n que quieres calentar. Esto provoca que gastes m\u00e1s electricidad, que el aparato funcione forzado y que no llegues a la temperatura que necesitas en invierno.<\/p>\n\n\n\n<p>En esta gu\u00eda sencilla vas a ver cu\u00e1ntos vatios necesitas seg\u00fan los metros cuadrados de tu hogar y qu\u00e9 opciones son m\u00e1s eficientes.<\/p>\n\n\n\n<h2 class=\"wp-block-heading\">C\u00f3mo calcular la potencia para calentar una habitaci\u00f3n<\/h2>\n\n\n\n<p>Como regla general, en una vivienda est\u00e1ndar se necesitan entre <strong>80 y 100 W por metro cuadrado<\/strong>.<br>Esto significa que:<\/p>\n\n\n\n<ul class=\"wp-block-list\">\n<li>Habitaci\u00f3n de 10 m\u00b2 \u2192 800 W \u2013 1000 W<\/li>\n\n\n\n<li>Habitaci\u00f3n de 15 m\u00b2 \u2192 1200 W \u2013 1500 W<\/li>\n\n\n\n<li>Habitaci\u00f3n de 20 m\u00b2 \u2192 1600 W \u2013 2000 W<\/li>\n\n\n\n<li>Habitaci\u00f3n de 25 m\u00b2 \u2192 2000 W \u2013 2500 W<\/li>\n<\/ul>\n\n\n\n<p>Si vives en una zona fr\u00eda, elige siempre el rango alto.<br>Si tu vivienda est\u00e1 bien aislada o es peque\u00f1a, puedes optar por la potencia baja.<\/p>\n\n\n\n<h2 class=\"wp-block-heading\">Factores que influyen en la potencia necesaria<\/h2>\n\n\n\n<h3 class=\"wp-block-heading\">El aislamiento<\/h3>\n\n\n\n<p>Paredes finas, ventanas antiguas o puertas que no cierran bien pueden hacer que pierdas m\u00e1s calor.<\/p>\n\n\n\n<h3 class=\"wp-block-heading\">La orientaci\u00f3n<\/h3>\n\n\n\n<p>Las habitaciones orientadas al norte o sin sol directo se enfr\u00edan antes.<\/p>\n\n\n\n<h3 class=\"wp-block-heading\">La altura del techo<\/h3>\n\n\n\n<p>Techos muy altos necesitan m\u00e1s potencia para calentar el mismo espacio.<\/p>\n\n\n\n<h3 class=\"wp-block-heading\">Tipo de calefacci\u00f3n<\/h3>\n\n\n\n<p>Hay sistemas que calientan r\u00e1pido y otros que mantienen mejor la temperatura.<\/p>\n\n\n\n<h2 class=\"wp-block-heading\">Emisores t\u00e9rmicos: ideales para uso continuado<\/h2>\n\n\n\n<p>Los emisores t\u00e9rmicos son una de las opciones m\u00e1s eficientes para calentar el hogar durante varias horas al d\u00eda. Mantienen la temperatura de manera estable y consumen menos que otros sistemas directos.<br>\ud83d\udc49 <strong>Ver emisores t\u00e9rmicos de bajo consumo<\/strong>: <a href=\"https:\/\/efimarket.com\/emisores-termicos\/\">https:\/\/efimarket.com\/emisores-termicos\/<\/a><\/p>\n\n\n\n<h2 class=\"wp-block-heading\">Radiadores el\u00e9ctricos: perfectos para calentar r\u00e1pido<\/h2>\n\n\n\n<p>Los radiadores el\u00e9ctricos ofrecen una subida de temperatura m\u00e1s r\u00e1pida. Son perfectos para habitaciones que solo necesitan calor puntual o para personas que buscan resultados inmediatos.<br>\ud83d\udc49 <strong>Explorar radiadores el\u00e9ctricos seg\u00fan el tama\u00f1o de tu habitaci\u00f3n<\/strong>: <a href=\"https:\/\/efimarket.com\/radiadores-electricos\/\">https:\/\/efimarket.com\/radiadores-electricos\/<\/a><\/p>\n\n\n\n<h2 class=\"wp-block-heading\">Qu\u00e9 potencia elegir seg\u00fan cada estancia<\/h2>\n\n\n\n<ul class=\"wp-block-list\">\n<li>Dormitorio: 1000\u20131500 W<\/li>\n\n\n\n<li>Sal\u00f3n peque\u00f1o (15\u201320 m\u00b2): 1500\u20132000 W<\/li>\n\n\n\n<li>Sal\u00f3n grande (25\u201330 m\u00b2): 2200\u20132500 W<\/li>\n\n\n\n<li>Ba\u00f1o: 800\u20131200 W<\/li>\n<\/ul>\n\n\n\n<h2 class=\"wp-block-heading\">Conclusi\u00f3n<\/h2>\n\n\n\n<p>No se trata solo de comprar un calefactor potente, sino de escoger el que realmente se adapta a los m\u00b2 de tu hogar. Con un c\u00e1lculo sencillo y los dispositivos adecuados, conseguir\u00e1s una casa m\u00e1s c\u00e1lida y un consumo mucho m\u00e1s eficiente.<\/p>\n\n\n\n<div class=\"schema-faq wp-block-yoast-faq-block\"><div class=\"schema-faq-section\" id=\"faq-question-1768985628634\"><strong class=\"schema-faq-question\">\u00bfQu\u00e9 es mejor: comprar m\u00e1s potencia o usar menos durante m\u00e1s tiempo?<br\/><\/strong> <p class=\"schema-faq-answer\">Es mejor elegir la potencia adecuada para la estancia. Un aparato con poca potencia tendr\u00e1 que funcionar muchas horas seguidas y consumir\u00e1 m\u00e1s electricidad sin calentar correctamente la habitaci\u00f3n.<\/p> <\/div> <div class=\"schema-faq-section\" id=\"faq-question-1768985647032\"><strong class=\"schema-faq-question\">\u00bfQu\u00e9 tipo de calefacci\u00f3n es m\u00e1s eficiente seg\u00fan los metros cuadrados?<br\/><\/strong> <p class=\"schema-faq-answer\">Para estancias grandes y uso continuado, los emisores t\u00e9rmicos son muy eficientes.<br\/>Para calentar r\u00e1pido habitaciones peque\u00f1as o uso puntual, los radiadores el\u00e9ctricos son una buena opci\u00f3n.<\/p> <\/div> <div class=\"schema-faq-section\" id=\"faq-question-1768985669090\"><strong class=\"schema-faq-question\">\u00bfCu\u00e1ntos vatios se necesitan para calentar una habitaci\u00f3n?<br\/><\/strong> <p class=\"schema-faq-answer\">Como norma general, se necesitan entre <strong>80 y 100 vatios por metro cuadrado<\/strong> en una vivienda con aislamiento est\u00e1ndar. Por ejemplo, una habitaci\u00f3n de 15 m\u00b2 necesitar\u00e1 entre 1200 W y 1500 W de potencia.<\/p> <\/div> <\/div>\n","protected":false},"excerpt":{"rendered":"<p>Elegir la potencia adecuada para calentar tu casa no es tan complicado como parece. Muchas veces el problema no es el tipo de calefactor que tienes, sino que no tiene la potencia suficiente para la habitaci\u00f3n que quieres calentar. Esto provoca que gastes m\u00e1s electricidad, que el aparato funcione forzado y que no llegues a &hellip; <\/p>\n<p class=\"link-more\"><a href=\"https:\/\/efimarket.com\/blog\/que-potencia-de-calefaccion-necesitas-segun-los-metros-cuadrados\/\" class=\"more-link\">Continuar leyendo<span class=\"screen-reader-text\"> \u00ab\u00bfQu\u00e9 potencia de calefacci\u00f3n necesitas seg\u00fan los m\u00b2 de tu hogar?\u00bb<\/span><\/a><\/p>\n","protected":false},"author":1,"featured_media":12816,"comment_status":"closed","ping_status":"closed","sticky":false,"template":"","format":"standard","meta":{"footnotes":""},"categories":[1],"tags":[],"class_list":["post-12815","post","type-post","status-publish","format-standard","has-post-thumbnail","hentry","category-sin-categoria"],"yoast_head":"<!-- This site is optimized with the Yoast SEO plugin v24.8.1 - https:\/\/yoast.com\/wordpress\/plugins\/seo\/ -->\n<title>Qu\u00e9 potencia de calefacci\u00f3n necesitas seg\u00fan los m\u00b2 | Efimarket<\/title>\n<meta name=\"description\" content=\"Descubre la potencia ideal de calefacci\u00f3n seg\u00fan los m\u00b2 de tu casa y evita gastar de m\u00e1s. Gu\u00eda clara para elegir radiadores y emisores.\" \/>\n<meta name=\"robots\" content=\"index, follow, max-snippet:-1, max-image-preview:large, max-video-preview:-1\" \/>\n<link rel=\"canonical\" href=\"https:\/\/efimarket.com\/blog\/que-potencia-de-calefaccion-necesitas-segun-los-metros-cuadrados\/\" \/>\n<meta property=\"og:locale\" content=\"es_ES\" \/>\n<meta property=\"og:type\" content=\"article\" \/>\n<meta property=\"og:title\" content=\"Qu\u00e9 potencia de calefacci\u00f3n necesitas seg\u00fan los m\u00b2 | Efimarket\" \/>\n<meta property=\"og:description\" content=\"Descubre la potencia ideal de calefacci\u00f3n seg\u00fan los m\u00b2 de tu casa y evita gastar de m\u00e1s. Gu\u00eda clara para elegir radiadores y emisores.\" \/>\n<meta property=\"og:url\" content=\"https:\/\/efimarket.com\/blog\/que-potencia-de-calefaccion-necesitas-segun-los-metros-cuadrados\/\" \/>\n<meta property=\"og:site_name\" content=\"Efimarket\" \/>\n<meta property=\"article:publisher\" content=\"https:\/\/www.facebook.com\/efimarket\" \/>\n<meta property=\"article:published_time\" content=\"2025-11-13T13:15:13+00:00\" \/>\n<meta property=\"article:modified_time\" content=\"2026-01-21T08:56:54+00:00\" \/>\n<meta property=\"og:image\" content=\"https:\/\/efimarket.com\/blog\/wp-content\/uploads\/2025\/11\/Diseno-sin-titulo-2025-11-13T141300.077.png\" \/>\n\t<meta property=\"og:image:width\" content=\"750\" \/>\n\t<meta property=\"og:image:height\" content=\"750\" \/>\n\t<meta property=\"og:image:type\" content=\"image\/png\" \/>\n<meta name=\"author\" content=\"admin\" \/>\n<meta name=\"twitter:card\" content=\"summary_large_image\" \/>\n<meta name=\"twitter:creator\" content=\"@efimarket\" \/>\n<meta name=\"twitter:site\" content=\"@efimarket\" \/>\n<meta name=\"twitter:label1\" content=\"Escrito por\" \/>\n\t<meta name=\"twitter:data1\" content=\"admin\" \/>\n\t<meta name=\"twitter:label2\" content=\"Tiempo de lectura\" \/>\n\t<meta name=\"twitter:data2\" content=\"3 minutos\" \/>\n<script type=\"application\/ld+json\" class=\"yoast-schema-graph\">{\"@context\":\"https:\/\/schema.org\",\"@graph\":[{\"@type\":\"Article\",\"@id\":\"https:\/\/efimarket.com\/blog\/que-potencia-de-calefaccion-necesitas-segun-los-metros-cuadrados\/#article\",\"isPartOf\":{\"@id\":\"https:\/\/efimarket.com\/blog\/que-potencia-de-calefaccion-necesitas-segun-los-metros-cuadrados\/\"},\"author\":{\"name\":\"admin\",\"@id\":\"https:\/\/efimarket.com\/blog\/#\/schema\/person\/bcdfc5ed5349e71b739ff3a2bdf624cf\"},\"headline\":\"\u00bfQu\u00e9 potencia de calefacci\u00f3n necesitas seg\u00fan los m\u00b2 de tu hogar?\",\"datePublished\":\"2025-11-13T13:15:13+00:00\",\"dateModified\":\"2026-01-21T08:56:54+00:00\",\"mainEntityOfPage\":{\"@id\":\"https:\/\/efimarket.com\/blog\/que-potencia-de-calefaccion-necesitas-segun-los-metros-cuadrados\/\"},\"wordCount\":571,\"publisher\":{\"@id\":\"https:\/\/efimarket.com\/blog\/#organization\"},\"image\":{\"@id\":\"https:\/\/efimarket.com\/blog\/que-potencia-de-calefaccion-necesitas-segun-los-metros-cuadrados\/#primaryimage\"},\"thumbnailUrl\":\"https:\/\/efimarket.com\/blog\/wp-content\/uploads\/2025\/11\/Diseno-sin-titulo-2025-11-13T141300.077.png\",\"inLanguage\":\"es\"},{\"@type\":[\"WebPage\",\"FAQPage\"],\"@id\":\"https:\/\/efimarket.com\/blog\/que-potencia-de-calefaccion-necesitas-segun-los-metros-cuadrados\/\",\"url\":\"https:\/\/efimarket.com\/blog\/que-potencia-de-calefaccion-necesitas-segun-los-metros-cuadrados\/\",\"name\":\"Qu\u00e9 potencia de calefacci\u00f3n necesitas seg\u00fan los m\u00b2 | Efimarket\",\"isPartOf\":{\"@id\":\"https:\/\/efimarket.com\/blog\/#website\"},\"primaryImageOfPage\":{\"@id\":\"https:\/\/efimarket.com\/blog\/que-potencia-de-calefaccion-necesitas-segun-los-metros-cuadrados\/#primaryimage\"},\"image\":{\"@id\":\"https:\/\/efimarket.com\/blog\/que-potencia-de-calefaccion-necesitas-segun-los-metros-cuadrados\/#primaryimage\"},\"thumbnailUrl\":\"https:\/\/efimarket.com\/blog\/wp-content\/uploads\/2025\/11\/Diseno-sin-titulo-2025-11-13T141300.077.png\",\"datePublished\":\"2025-11-13T13:15:13+00:00\",\"dateModified\":\"2026-01-21T08:56:54+00:00\",\"description\":\"Descubre la potencia ideal de calefacci\u00f3n seg\u00fan los m\u00b2 de tu casa y evita gastar de m\u00e1s. Gu\u00eda clara para elegir radiadores y emisores.\",\"breadcrumb\":{\"@id\":\"https:\/\/efimarket.com\/blog\/que-potencia-de-calefaccion-necesitas-segun-los-metros-cuadrados\/#breadcrumb\"},\"mainEntity\":[{\"@id\":\"https:\/\/efimarket.com\/blog\/que-potencia-de-calefaccion-necesitas-segun-los-metros-cuadrados\/#faq-question-1768985628634\"},{\"@id\":\"https:\/\/efimarket.com\/blog\/que-potencia-de-calefaccion-necesitas-segun-los-metros-cuadrados\/#faq-question-1768985647032\"},{\"@id\":\"https:\/\/efimarket.com\/blog\/que-potencia-de-calefaccion-necesitas-segun-los-metros-cuadrados\/#faq-question-1768985669090\"}],\"inLanguage\":\"es\",\"potentialAction\":[{\"@type\":\"ReadAction\",\"target\":[\"https:\/\/efimarket.com\/blog\/que-potencia-de-calefaccion-necesitas-segun-los-metros-cuadrados\/\"]}]},{\"@type\":\"ImageObject\",\"inLanguage\":\"es\",\"@id\":\"https:\/\/efimarket.com\/blog\/que-potencia-de-calefaccion-necesitas-segun-los-metros-cuadrados\/#primaryimage\",\"url\":\"https:\/\/efimarket.com\/blog\/wp-content\/uploads\/2025\/11\/Diseno-sin-titulo-2025-11-13T141300.077.png\",\"contentUrl\":\"https:\/\/efimarket.com\/blog\/wp-content\/uploads\/2025\/11\/Diseno-sin-titulo-2025-11-13T141300.077.png\",\"width\":750,\"height\":750,\"caption\":\"Radiador el\u00e9ctrico calentando un sal\u00f3n en invierno, ideal para mantener una temperatura confortable en casa.\"},{\"@type\":\"BreadcrumbList\",\"@id\":\"https:\/\/efimarket.com\/blog\/que-potencia-de-calefaccion-necesitas-segun-los-metros-cuadrados\/#breadcrumb\",\"itemListElement\":[{\"@type\":\"ListItem\",\"position\":1,\"name\":\"Portada\",\"item\":\"https:\/\/efimarket.com\/blog\/\"},{\"@type\":\"ListItem\",\"position\":2,\"name\":\"\u00bfQu\u00e9 potencia de calefacci\u00f3n necesitas seg\u00fan los m\u00b2 de tu hogar?\"}]},{\"@type\":\"WebSite\",\"@id\":\"https:\/\/efimarket.com\/blog\/#website\",\"url\":\"https:\/\/efimarket.com\/blog\/\",\"name\":\"Efimarket\",\"description\":\"El blog de Efimarket.com 2025\",\"publisher\":{\"@id\":\"https:\/\/efimarket.com\/blog\/#organization\"},\"potentialAction\":[{\"@type\":\"SearchAction\",\"target\":{\"@type\":\"EntryPoint\",\"urlTemplate\":\"https:\/\/efimarket.com\/blog\/?s={search_term_string}\"},\"query-input\":{\"@type\":\"PropertyValueSpecification\",\"valueRequired\":true,\"valueName\":\"search_term_string\"}}],\"inLanguage\":\"es\"},{\"@type\":\"Organization\",\"@id\":\"https:\/\/efimarket.com\/blog\/#organization\",\"name\":\"Efimarket\",\"url\":\"https:\/\/efimarket.com\/blog\/\",\"logo\":{\"@type\":\"ImageObject\",\"inLanguage\":\"es\",\"@id\":\"https:\/\/efimarket.com\/blog\/#\/schema\/logo\/image\/\",\"url\":\"https:\/\/efimarket.com\/blog\/wp-content\/uploads\/2017\/04\/cropped-logo2.png\",\"contentUrl\":\"https:\/\/efimarket.com\/blog\/wp-content\/uploads\/2017\/04\/cropped-logo2.png\",\"width\":534,\"height\":250,\"caption\":\"Efimarket\"},\"image\":{\"@id\":\"https:\/\/efimarket.com\/blog\/#\/schema\/logo\/image\/\"},\"sameAs\":[\"https:\/\/www.facebook.com\/efimarket\",\"https:\/\/x.com\/efimarket\",\"https:\/\/www.pinterest.es\/efimarket\/\",\"https:\/\/www.youtube.com\/user\/efimarketcom\"]},{\"@type\":\"Person\",\"@id\":\"https:\/\/efimarket.com\/blog\/#\/schema\/person\/bcdfc5ed5349e71b739ff3a2bdf624cf\",\"name\":\"admin\",\"image\":{\"@type\":\"ImageObject\",\"inLanguage\":\"es\",\"@id\":\"https:\/\/efimarket.com\/blog\/#\/schema\/person\/image\/\",\"url\":\"https:\/\/secure.gravatar.com\/avatar\/977f22003c85ee7339a23bcbba898034?s=96&d=mm&r=g\",\"contentUrl\":\"https:\/\/secure.gravatar.com\/avatar\/977f22003c85ee7339a23bcbba898034?s=96&d=mm&r=g\",\"caption\":\"admin\"}},{\"@type\":\"Question\",\"@id\":\"https:\/\/efimarket.com\/blog\/que-potencia-de-calefaccion-necesitas-segun-los-metros-cuadrados\/#faq-question-1768985628634\",\"position\":1,\"url\":\"https:\/\/efimarket.com\/blog\/que-potencia-de-calefaccion-necesitas-segun-los-metros-cuadrados\/#faq-question-1768985628634\",\"name\":\"\u00bfQu\u00e9 es mejor: comprar m\u00e1s potencia o usar menos durante m\u00e1s tiempo?\",\"answerCount\":1,\"acceptedAnswer\":{\"@type\":\"Answer\",\"text\":\"Es mejor elegir la potencia adecuada para la estancia. Un aparato con poca potencia tendr\u00e1 que funcionar muchas horas seguidas y consumir\u00e1 m\u00e1s electricidad sin calentar correctamente la habitaci\u00f3n.\",\"inLanguage\":\"es\"},\"inLanguage\":\"es\"},{\"@type\":\"Question\",\"@id\":\"https:\/\/efimarket.com\/blog\/que-potencia-de-calefaccion-necesitas-segun-los-metros-cuadrados\/#faq-question-1768985647032\",\"position\":2,\"url\":\"https:\/\/efimarket.com\/blog\/que-potencia-de-calefaccion-necesitas-segun-los-metros-cuadrados\/#faq-question-1768985647032\",\"name\":\"\u00bfQu\u00e9 tipo de calefacci\u00f3n es m\u00e1s eficiente seg\u00fan los metros cuadrados?\",\"answerCount\":1,\"acceptedAnswer\":{\"@type\":\"Answer\",\"text\":\"Para estancias grandes y uso continuado, los emisores t\u00e9rmicos son muy eficientes.<br\/>Para calentar r\u00e1pido habitaciones peque\u00f1as o uso puntual, los radiadores el\u00e9ctricos son una buena opci\u00f3n.\",\"inLanguage\":\"es\"},\"inLanguage\":\"es\"},{\"@type\":\"Question\",\"@id\":\"https:\/\/efimarket.com\/blog\/que-potencia-de-calefaccion-necesitas-segun-los-metros-cuadrados\/#faq-question-1768985669090\",\"position\":3,\"url\":\"https:\/\/efimarket.com\/blog\/que-potencia-de-calefaccion-necesitas-segun-los-metros-cuadrados\/#faq-question-1768985669090\",\"name\":\"\u00bfCu\u00e1ntos vatios se necesitan para calentar una habitaci\u00f3n?\",\"answerCount\":1,\"acceptedAnswer\":{\"@type\":\"Answer\",\"text\":\"Como norma general, se necesitan entre <strong>80 y 100 vatios por metro cuadrado<\/strong> en una vivienda con aislamiento est\u00e1ndar. Por ejemplo, una habitaci\u00f3n de 15 m\u00b2 necesitar\u00e1 entre 1200 W y 1500 W de potencia.\",\"inLanguage\":\"es\"},\"inLanguage\":\"es\"}]}<\/script>\n<!-- \/ Yoast SEO plugin. -->","yoast_head_json":{"title":"Qu\u00e9 potencia de calefacci\u00f3n necesitas seg\u00fan los m\u00b2 | Efimarket","description":"Descubre la potencia ideal de calefacci\u00f3n seg\u00fan los m\u00b2 de tu casa y evita gastar de m\u00e1s. Gu\u00eda clara para elegir radiadores y emisores.","robots":{"index":"index","follow":"follow","max-snippet":"max-snippet:-1","max-image-preview":"max-image-preview:large","max-video-preview":"max-video-preview:-1"},"canonical":"https:\/\/efimarket.com\/blog\/que-potencia-de-calefaccion-necesitas-segun-los-metros-cuadrados\/","og_locale":"es_ES","og_type":"article","og_title":"Qu\u00e9 potencia de calefacci\u00f3n necesitas seg\u00fan los m\u00b2 | Efimarket","og_description":"Descubre la potencia ideal de calefacci\u00f3n seg\u00fan los m\u00b2 de tu casa y evita gastar de m\u00e1s. Gu\u00eda clara para elegir radiadores y emisores.","og_url":"https:\/\/efimarket.com\/blog\/que-potencia-de-calefaccion-necesitas-segun-los-metros-cuadrados\/","og_site_name":"Efimarket","article_publisher":"https:\/\/www.facebook.com\/efimarket","article_published_time":"2025-11-13T13:15:13+00:00","article_modified_time":"2026-01-21T08:56:54+00:00","og_image":[{"width":750,"height":750,"url":"https:\/\/efimarket.com\/blog\/wp-content\/uploads\/2025\/11\/Diseno-sin-titulo-2025-11-13T141300.077.png","type":"image\/png"}],"author":"admin","twitter_card":"summary_large_image","twitter_creator":"@efimarket","twitter_site":"@efimarket","twitter_misc":{"Escrito por":"admin","Tiempo de lectura":"3 minutos"},"schema":{"@context":"https:\/\/schema.org","@graph":[{"@type":"Article","@id":"https:\/\/efimarket.com\/blog\/que-potencia-de-calefaccion-necesitas-segun-los-metros-cuadrados\/#article","isPartOf":{"@id":"https:\/\/efimarket.com\/blog\/que-potencia-de-calefaccion-necesitas-segun-los-metros-cuadrados\/"},"author":{"name":"admin","@id":"https:\/\/efimarket.com\/blog\/#\/schema\/person\/bcdfc5ed5349e71b739ff3a2bdf624cf"},"headline":"\u00bfQu\u00e9 potencia de calefacci\u00f3n necesitas seg\u00fan los m\u00b2 de tu hogar?","datePublished":"2025-11-13T13:15:13+00:00","dateModified":"2026-01-21T08:56:54+00:00","mainEntityOfPage":{"@id":"https:\/\/efimarket.com\/blog\/que-potencia-de-calefaccion-necesitas-segun-los-metros-cuadrados\/"},"wordCount":571,"publisher":{"@id":"https:\/\/efimarket.com\/blog\/#organization"},"image":{"@id":"https:\/\/efimarket.com\/blog\/que-potencia-de-calefaccion-necesitas-segun-los-metros-cuadrados\/#primaryimage"},"thumbnailUrl":"https:\/\/efimarket.com\/blog\/wp-content\/uploads\/2025\/11\/Diseno-sin-titulo-2025-11-13T141300.077.png","inLanguage":"es"},{"@type":["WebPage","FAQPage"],"@id":"https:\/\/efimarket.com\/blog\/que-potencia-de-calefaccion-necesitas-segun-los-metros-cuadrados\/","url":"https:\/\/efimarket.com\/blog\/que-potencia-de-calefaccion-necesitas-segun-los-metros-cuadrados\/","name":"Qu\u00e9 potencia de calefacci\u00f3n necesitas seg\u00fan los m\u00b2 | Efimarket","isPartOf":{"@id":"https:\/\/efimarket.com\/blog\/#website"},"primaryImageOfPage":{"@id":"https:\/\/efimarket.com\/blog\/que-potencia-de-calefaccion-necesitas-segun-los-metros-cuadrados\/#primaryimage"},"image":{"@id":"https:\/\/efimarket.com\/blog\/que-potencia-de-calefaccion-necesitas-segun-los-metros-cuadrados\/#primaryimage"},"thumbnailUrl":"https:\/\/efimarket.com\/blog\/wp-content\/uploads\/2025\/11\/Diseno-sin-titulo-2025-11-13T141300.077.png","datePublished":"2025-11-13T13:15:13+00:00","dateModified":"2026-01-21T08:56:54+00:00","description":"Descubre la potencia ideal de calefacci\u00f3n seg\u00fan los m\u00b2 de tu casa y evita gastar de m\u00e1s. Gu\u00eda clara para elegir radiadores y emisores.","breadcrumb":{"@id":"https:\/\/efimarket.com\/blog\/que-potencia-de-calefaccion-necesitas-segun-los-metros-cuadrados\/#breadcrumb"},"mainEntity":[{"@id":"https:\/\/efimarket.com\/blog\/que-potencia-de-calefaccion-necesitas-segun-los-metros-cuadrados\/#faq-question-1768985628634"},{"@id":"https:\/\/efimarket.com\/blog\/que-potencia-de-calefaccion-necesitas-segun-los-metros-cuadrados\/#faq-question-1768985647032"},{"@id":"https:\/\/efimarket.com\/blog\/que-potencia-de-calefaccion-necesitas-segun-los-metros-cuadrados\/#faq-question-1768985669090"}],"inLanguage":"es","potentialAction":[{"@type":"ReadAction","target":["https:\/\/efimarket.com\/blog\/que-potencia-de-calefaccion-necesitas-segun-los-metros-cuadrados\/"]}]},{"@type":"ImageObject","inLanguage":"es","@id":"https:\/\/efimarket.com\/blog\/que-potencia-de-calefaccion-necesitas-segun-los-metros-cuadrados\/#primaryimage","url":"https:\/\/efimarket.com\/blog\/wp-content\/uploads\/2025\/11\/Diseno-sin-titulo-2025-11-13T141300.077.png","contentUrl":"https:\/\/efimarket.com\/blog\/wp-content\/uploads\/2025\/11\/Diseno-sin-titulo-2025-11-13T141300.077.png","width":750,"height":750,"caption":"Radiador el\u00e9ctrico calentando un sal\u00f3n en invierno, ideal para mantener una temperatura confortable en casa."},{"@type":"BreadcrumbList","@id":"https:\/\/efimarket.com\/blog\/que-potencia-de-calefaccion-necesitas-segun-los-metros-cuadrados\/#breadcrumb","itemListElement":[{"@type":"ListItem","position":1,"name":"Portada","item":"https:\/\/efimarket.com\/blog\/"},{"@type":"ListItem","position":2,"name":"\u00bfQu\u00e9 potencia de calefacci\u00f3n necesitas seg\u00fan los m\u00b2 de tu hogar?"}]},{"@type":"WebSite","@id":"https:\/\/efimarket.com\/blog\/#website","url":"https:\/\/efimarket.com\/blog\/","name":"Efimarket","description":"El blog de Efimarket.com 2025","publisher":{"@id":"https:\/\/efimarket.com\/blog\/#organization"},"potentialAction":[{"@type":"SearchAction","target":{"@type":"EntryPoint","urlTemplate":"https:\/\/efimarket.com\/blog\/?s={search_term_string}"},"query-input":{"@type":"PropertyValueSpecification","valueRequired":true,"valueName":"search_term_string"}}],"inLanguage":"es"},{"@type":"Organization","@id":"https:\/\/efimarket.com\/blog\/#organization","name":"Efimarket","url":"https:\/\/efimarket.com\/blog\/","logo":{"@type":"ImageObject","inLanguage":"es","@id":"https:\/\/efimarket.com\/blog\/#\/schema\/logo\/image\/","url":"https:\/\/efimarket.com\/blog\/wp-content\/uploads\/2017\/04\/cropped-logo2.png","contentUrl":"https:\/\/efimarket.com\/blog\/wp-content\/uploads\/2017\/04\/cropped-logo2.png","width":534,"height":250,"caption":"Efimarket"},"image":{"@id":"https:\/\/efimarket.com\/blog\/#\/schema\/logo\/image\/"},"sameAs":["https:\/\/www.facebook.com\/efimarket","https:\/\/x.com\/efimarket","https:\/\/www.pinterest.es\/efimarket\/","https:\/\/www.youtube.com\/user\/efimarketcom"]},{"@type":"Person","@id":"https:\/\/efimarket.com\/blog\/#\/schema\/person\/bcdfc5ed5349e71b739ff3a2bdf624cf","name":"admin","image":{"@type":"ImageObject","inLanguage":"es","@id":"https:\/\/efimarket.com\/blog\/#\/schema\/person\/image\/","url":"https:\/\/secure.gravatar.com\/avatar\/977f22003c85ee7339a23bcbba898034?s=96&d=mm&r=g","contentUrl":"https:\/\/secure.gravatar.com\/avatar\/977f22003c85ee7339a23bcbba898034?s=96&d=mm&r=g","caption":"admin"}},{"@type":"Question","@id":"https:\/\/efimarket.com\/blog\/que-potencia-de-calefaccion-necesitas-segun-los-metros-cuadrados\/#faq-question-1768985628634","position":1,"url":"https:\/\/efimarket.com\/blog\/que-potencia-de-calefaccion-necesitas-segun-los-metros-cuadrados\/#faq-question-1768985628634","name":"\u00bfQu\u00e9 es mejor: comprar m\u00e1s potencia o usar menos durante m\u00e1s tiempo?","answerCount":1,"acceptedAnswer":{"@type":"Answer","text":"Es mejor elegir la potencia adecuada para la estancia. Un aparato con poca potencia tendr\u00e1 que funcionar muchas horas seguidas y consumir\u00e1 m\u00e1s electricidad sin calentar correctamente la habitaci\u00f3n.","inLanguage":"es"},"inLanguage":"es"},{"@type":"Question","@id":"https:\/\/efimarket.com\/blog\/que-potencia-de-calefaccion-necesitas-segun-los-metros-cuadrados\/#faq-question-1768985647032","position":2,"url":"https:\/\/efimarket.com\/blog\/que-potencia-de-calefaccion-necesitas-segun-los-metros-cuadrados\/#faq-question-1768985647032","name":"\u00bfQu\u00e9 tipo de calefacci\u00f3n es m\u00e1s eficiente seg\u00fan los metros cuadrados?","answerCount":1,"acceptedAnswer":{"@type":"Answer","text":"Para estancias grandes y uso continuado, los emisores t\u00e9rmicos son muy eficientes.<br\/>Para calentar r\u00e1pido habitaciones peque\u00f1as o uso puntual, los radiadores el\u00e9ctricos son una buena opci\u00f3n.","inLanguage":"es"},"inLanguage":"es"},{"@type":"Question","@id":"https:\/\/efimarket.com\/blog\/que-potencia-de-calefaccion-necesitas-segun-los-metros-cuadrados\/#faq-question-1768985669090","position":3,"url":"https:\/\/efimarket.com\/blog\/que-potencia-de-calefaccion-necesitas-segun-los-metros-cuadrados\/#faq-question-1768985669090","name":"\u00bfCu\u00e1ntos vatios se necesitan para calentar una habitaci\u00f3n?","answerCount":1,"acceptedAnswer":{"@type":"Answer","text":"Como norma general, se necesitan entre <strong>80 y 100 vatios por metro cuadrado<\/strong> en una vivienda con aislamiento est\u00e1ndar. Por ejemplo, una habitaci\u00f3n de 15 m\u00b2 necesitar\u00e1 entre 1200 W y 1500 W de potencia.","inLanguage":"es"},"inLanguage":"es"}]}},"_links":{"self":[{"href":"https:\/\/efimarket.com\/blog\/wp-json\/wp\/v2\/posts\/12815","targetHints":{"allow":["GET"]}}],"collection":[{"href":"https:\/\/efimarket.com\/blog\/wp-json\/wp\/v2\/posts"}],"about":[{"href":"https:\/\/efimarket.com\/blog\/wp-json\/wp\/v2\/types\/post"}],"author":[{"embeddable":true,"href":"https:\/\/efimarket.com\/blog\/wp-json\/wp\/v2\/users\/1"}],"replies":[{"embeddable":true,"href":"https:\/\/efimarket.com\/blog\/wp-json\/wp\/v2\/comments?post=12815"}],"version-history":[{"count":2,"href":"https:\/\/efimarket.com\/blog\/wp-json\/wp\/v2\/posts\/12815\/revisions"}],"predecessor-version":[{"id":12868,"href":"https:\/\/efimarket.com\/blog\/wp-json\/wp\/v2\/posts\/12815\/revisions\/12868"}],"wp:featuredmedia":[{"embeddable":true,"href":"https:\/\/efimarket.com\/blog\/wp-json\/wp\/v2\/media\/12816"}],"wp:attachment":[{"href":"https:\/\/efimarket.com\/blog\/wp-json\/wp\/v2\/media?parent=12815"}],"wp:term":[{"taxonomy":"category","embeddable":true,"href":"https:\/\/efimarket.com\/blog\/wp-json\/wp\/v2\/categories?post=12815"},{"taxonomy":"post_tag","embeddable":true,"href":"https:\/\/efimarket.com\/blog\/wp-json\/wp\/v2\/tags?post=12815"}],"curies":[{"name":"wp","href":"https:\/\/api.w.org\/{rel}","templated":true}]}}