{"id":12072,"date":"2024-10-01T14:13:36","date_gmt":"2024-10-01T12:13:36","guid":{"rendered":"https:\/\/www.efimarket.com\/blog\/?p=12072"},"modified":"2025-07-22T10:50:43","modified_gmt":"2025-07-22T08:50:43","slug":"aire-acondicionado-silencioso-verano","status":"publish","type":"post","link":"https:\/\/efimarket.com\/blog\/aire-acondicionado-silencioso-verano\/","title":{"rendered":"Aire acondicionado silencioso\u00a0para este verano"},"content":{"rendered":"<p><a href=\"https:\/\/www.efimarket.com\/aire-acondicionado-mupr-h11-mundoclima-35-kw\/\"><img loading=\"lazy\" decoding=\"async\" class=\"size-full wp-image-12073 alignleft\" src=\"https:\/\/efimarket.com\/blog\/wp-content\/uploads\/2018\/06\/aire-acondicionado-silencioso.jpg\" alt=\"\" width=\"400\" height=\"400\" srcset=\"https:\/\/efimarket.com\/blog\/wp-content\/uploads\/2018\/06\/aire-acondicionado-silencioso.jpg 400w, https:\/\/efimarket.com\/blog\/wp-content\/uploads\/2018\/06\/aire-acondicionado-silencioso-150x150.jpg 150w, https:\/\/efimarket.com\/blog\/wp-content\/uploads\/2018\/06\/aire-acondicionado-silencioso-300x300.jpg 300w, https:\/\/efimarket.com\/blog\/wp-content\/uploads\/2018\/06\/aire-acondicionado-silencioso-100x100.jpg 100w\" sizes=\"auto, (max-width: 400px) 100vw, 400px\" \/><\/a><\/p>\n<h2><strong>La soluci\u00f3n perfecta para combatir el calor con el m\u00ednimo ruido<\/strong><\/h2>\n<p>Con la llegada del verano de 2025 y el aumento de las temperaturas extremas en muchas regiones de Espa\u00f1a, elegir un aire acondicionado silencioso se convierte en una prioridad para quienes buscan confort t\u00e9rmico sin sacrificar la tranquilidad de su hogar. En este art\u00edculo presentamos dos modelos destacados por su eficiencia, bajo nivel sonoro y funcionalidades avanzadas.<\/p>\n<hr \/>\n<h2><strong>Aire acondicionado silencioso 3.5kW MundoClima Serie MUPR-12-H11<\/strong><\/h2>\n<p>Este modelo se posiciona como uno de los m\u00e1s completos y silenciosos del mercado actual. Gracias a su dise\u00f1o optimizado y a sus m\u00faltiples funcionalidades, ofrece una climatizaci\u00f3n eficaz y c\u00f3moda tanto en verano como en invierno.<\/p>\n<h3><strong>Caracter\u00edsticas principales<\/strong><\/h3>\n<ul>\n<li><strong>Anti-fungus function<\/strong>: previene la formaci\u00f3n de moho y bacterias en la unidad interior activando un ciclo de limpieza tras el uso en refrigeraci\u00f3n o deshumidificaci\u00f3n.<\/li>\n<li><strong>Arranque a bajo voltaje<\/strong>: puede funcionar con tensiones tan bajas como 165\u202fV, asegurando un rendimiento estable incluso en condiciones el\u00e9ctricas poco ideales.<\/li>\n<li><strong>Desescarche inteligente<\/strong>: mejora el rendimiento en invierno al activar autom\u00e1ticamente el modo de desescarche cuando detecta congelaci\u00f3n en la unidad exterior.<\/li>\n<li><strong>Interruptor de emergencia<\/strong>: permite operar el equipo de forma manual si ocurre una alarma, sin necesidad de control remoto.<\/li>\n<li><strong>Auto diagn\u00f3stico<\/strong>: muestra c\u00f3digos de error en pantalla para facilitar la identificaci\u00f3n de fallos.<\/li>\n<li><strong>iFeel<\/strong>: sensor de temperatura en el mando para adaptar el funcionamiento del equipo al entorno real del usuario.<\/li>\n<li><strong>Funci\u00f3n turbo<\/strong>: enfr\u00eda o calienta la estancia r\u00e1pidamente, ideal para cambios bruscos de temperatura.<\/li>\n<li><strong>Modo sleep<\/strong>: mejora el confort nocturno ajustando la temperatura progresivamente y apagando el equipo tras 7 horas.<\/li>\n<li><strong>Calefacci\u00f3n eficiente a bajas temperaturas<\/strong>: puede funcionar en calefacci\u00f3n con temperaturas exteriores de hasta -10\u202f\u00b0C.<\/li>\n<li><strong>Standby de bajo consumo<\/strong>: el consumo en reposo es de solo 0,5\u202fW, lo que reduce significativamente el gasto energ\u00e9tico.<\/li>\n<li><strong>Auto-restart<\/strong>: en caso de corte de energ\u00eda, el equipo recupera autom\u00e1ticamente la configuraci\u00f3n anterior.<\/li>\n<li><strong>Dise\u00f1o s\u00faper silencioso<\/strong>: las aspas con forma de sierra y la optimizaci\u00f3n de componentes reducen el nivel sonoro al m\u00ednimo.<\/li>\n<li><strong>Timer 24h<\/strong>: programaci\u00f3n personalizada para encendido y apagado autom\u00e1tico.<\/li>\n<li><strong>iClean<\/strong>: realiza un proceso de auto limpieza interna para mantener la unidad higi\u00e9nica y eficiente.<\/li>\n<li><strong>Detecci\u00f3n de fugas de refrigerante<\/strong>: alerta sobre posibles p\u00e9rdidas de gas, ayudando al mantenimiento preventivo.<\/li>\n<li><strong>Prevenci\u00f3n de aire fr\u00edo en calefacci\u00f3n<\/strong>: ajusta la velocidad del ventilador para evitar corrientes fr\u00edas iniciales.<\/li>\n<li><strong>Conectividad Wi-Fi (opcional)<\/strong>: permite controlar el equipo desde cualquier lugar mediante app.<\/li>\n<\/ul>\n<h3><strong>Preguntas frecuentes<\/strong><\/h3>\n<p><strong>\u00bfQu\u00e9 hace el modo anti fungus?<\/strong><br \/>\nActiva un ciclo de limpieza interna tras el uso en refrigeraci\u00f3n o deshumidificaci\u00f3n, evitando la formaci\u00f3n de hongos y bacterias.<\/p>\n<p><strong>\u00bfC\u00f3mo s\u00e9 si mi aire tiene moho?<\/strong><br \/>\nOlor a humedad, manchas oscuras en la unidad y reacciones al\u00e9rgicas pueden ser se\u00f1ales de moho en el sistema.<\/p>\n<p><strong>\u00bfEl aire acondicionado elimina el moho?<\/strong><br \/>\nS\u00ed, especialmente si incorpora funciones como anti fungus y limpieza autom\u00e1tica.<\/p>\n<p><strong>\u00bfQu\u00e9 es la funci\u00f3n iClean?<\/strong><br \/>\nUn ciclo automatizado que limpia la bater\u00eda interna y elimina humedad para evitar acumulaci\u00f3n de polvo o moho.<\/p>\n<p><strong>\u00bfPuede funcionar este aire en zonas fr\u00edas?<\/strong><br \/>\nS\u00ed, est\u00e1 dise\u00f1ado para operar en calefacci\u00f3n incluso con temperaturas exteriores de -10\u202f\u00b0C.<\/p>\n<hr \/>\n<h2><strong>Aire acondicionado sin unidad exterior silencioso Olimpia Splendid Unico Evo 25 HP PVAN<\/strong><\/h2>\n<p>Para quienes buscan climatizar su hogar sin modificar su fachada o instalar una unidad exterior, este modelo es una de las mejores opciones del mercado. Su rendimiento silencioso y dise\u00f1o compacto lo convierten en un aliado perfecto para viviendas urbanas.<\/p>\n<h3><strong>Caracter\u00edsticas destacadas<\/strong><\/h3>\n<ul>\n<li><strong>Refrigeraci\u00f3n silenciosa<\/strong>: alcanza solo 30 dB(A) en modo Silent, ideal para dormitorios o despachos.<\/li>\n<li><strong>Eficiencia energ\u00e9tica A+<\/strong>: bajo consumo energ\u00e9tico tanto en refrigeraci\u00f3n como calefacci\u00f3n.<\/li>\n<li><strong>Gas refrigerante R290<\/strong>: respetuoso con el medioambiente y altamente eficiente.<\/li>\n<li><strong>Wi-Fi integrado<\/strong>: permite controlar el equipo desde el m\u00f3vil, sin necesidad de mandos adicionales.<\/li>\n<li><strong>Pantalla t\u00e1ctil retroiluminada<\/strong>: manejo intuitivo y moderno.<\/li>\n<li><strong>Dise\u00f1o compacto<\/strong>: requiere solo dos peque\u00f1as perforaciones en la pared, sin necesidad de unidad exterior.<\/li>\n<li><strong>Sistema de filtraci\u00f3n m\u00faltiple<\/strong>: incluye filtro electrost\u00e1tico y filtro de carb\u00f3n activo para purificar el aire.<\/li>\n<li><strong>Temporizador 24h<\/strong>: programa el encendido y apagado autom\u00e1tico seg\u00fan tu rutina.<\/li>\n<\/ul>\n<h3><strong>Especificaciones t\u00e9cnicas<\/strong><\/h3>\n<ul>\n<li><strong>Potencia de refrigeraci\u00f3n<\/strong>: 2,1\u202fkW<\/li>\n<li><strong>Potencia de calefacci\u00f3n<\/strong>: 1,7\u202fkW<\/li>\n<li><strong>Capacidad de deshumidificaci\u00f3n<\/strong>: 0,7\u202fl\/h<\/li>\n<li><strong>EERd<\/strong>: 3,1 \/ <strong>COPd<\/strong>: 3,4<\/li>\n<li><strong>Dimensiones<\/strong>: 540 x 1015 x 180\u202fmm<\/li>\n<li><strong>Peso<\/strong>: 41\u202fkg<\/li>\n<li><strong>Instalaci\u00f3n certificada<\/strong>: requiere completar el BOE Parte A con t\u00e9cnico acreditado para gases fluorados<\/li>\n<\/ul>\n<p>Puedes comprarlo directamente desde la tienda oficial en el siguiente enlace: <a href=\"https:\/\/efimarket.com\/aire-acondicionado-sin-unidad-exterior-olimpia-splendid-unico-con-wifi-evo-25\/\">Aire acondicionado Olimpia Splendid sin unidad exterior con Wi-Fi<\/a><\/p>\n<h3><strong>Preguntas frecuentes<\/strong><\/h3>\n<p><strong>\u00bfEste aire acondicionado necesita unidad exterior?<\/strong><br \/>\nNo, solo requiere dos perforaciones en la pared, lo que lo hace ideal para pisos o zonas protegidas.<\/p>\n<p><strong>\u00bfEs realmente silencioso?<\/strong><br \/>\nS\u00ed, alcanza niveles de solo 30\u202fdB(A) en modo Silent, siendo uno de los m\u00e1s silenciosos del mercado.<\/p>\n<p><strong>\u00bfQu\u00e9 mantenimiento requiere?<\/strong><br \/>\nMantenimiento b\u00e1sico como limpieza de filtros y revisi\u00f3n peri\u00f3dica. Su dise\u00f1o facilita estas tareas.<\/p>\n<p><strong>\u00bfC\u00f3mo funciona el sistema de filtraci\u00f3n m\u00faltiple?<\/strong><br \/>\nCombina un filtro electrost\u00e1tico (anti polvo) con uno de carb\u00f3n activo que neutraliza olores, mejorando la calidad del aire.<\/p>\n<p><strong>\u00bfPuedo instalarlo sin t\u00e9cnico?<\/strong><br \/>\nNo. Al usar gases refrigerantes, la instalaci\u00f3n debe cumplir la normativa BOE y ser realizada por un profesional certificado.<\/p>\n<hr \/>\n<h2><strong>Conclusi\u00f3n<\/strong><\/h2>\n<p>Si busc\u00e1is una soluci\u00f3n eficiente y silenciosa para el verano de 2025, cualquiera de estos dos modelos es una opci\u00f3n acertada. El MundoClima Serie MUPR-12-H11 ofrece un control avanzado del confort t\u00e9rmico con funciones inteligentes y eficiencia energ\u00e9tica. El Olimpia Splendid Unico Evo 25 HP PVAN se presenta como la alternativa sin unidad exterior m\u00e1s silenciosa y discreta del mercado. Ambos modelos combinan dise\u00f1o, tecnolog\u00eda y bienestar para climatizar vuestro hogar con la m\u00ednima intrusi\u00f3n sonora.<\/p>\n","protected":false},"excerpt":{"rendered":"<p>La soluci\u00f3n perfecta para combatir el calor con el m\u00ednimo ruido Con la llegada del verano de 2025 y el aumento de las temperaturas extremas en muchas regiones de Espa\u00f1a, elegir un aire acondicionado silencioso se convierte en una prioridad para quienes buscan confort t\u00e9rmico sin sacrificar la tranquilidad de su hogar. En este art\u00edculo &hellip; <\/p>\n<p class=\"link-more\"><a href=\"https:\/\/efimarket.com\/blog\/aire-acondicionado-silencioso-verano\/\" class=\"more-link\">Continuar leyendo<span class=\"screen-reader-text\"> \u00abAire acondicionado silencioso\u00a0para este verano\u00bb<\/span><\/a><\/p>\n","protected":false},"author":1,"featured_media":0,"comment_status":"closed","ping_status":"closed","sticky":false,"template":"","format":"standard","meta":{"footnotes":""},"categories":[1093],"tags":[],"class_list":["post-12072","post","type-post","status-publish","format-standard","hentry","category-climatizacion-hogar"],"yoast_head":"<!-- This site is optimized with the Yoast SEO plugin v24.8.1 - https:\/\/yoast.com\/wordpress\/plugins\/seo\/ -->\n<title>Aire acondicionado silencioso\u00a0para este verano - Efimarket<\/title>\n<meta name=\"description\" content=\"Modelo de aire acondicionado silencioso para este verano. \u2705 Consulta caracter\u00edsticas, precios, ofertas, instalaci\u00f3n \u2705 Efimarket te ayuda a ahorrar.\" \/>\n<meta name=\"robots\" content=\"index, follow, max-snippet:-1, max-image-preview:large, max-video-preview:-1\" \/>\n<link rel=\"canonical\" href=\"https:\/\/efimarket.com\/blog\/aire-acondicionado-silencioso-verano\/\" \/>\n<meta property=\"og:locale\" content=\"es_ES\" \/>\n<meta property=\"og:type\" content=\"article\" \/>\n<meta property=\"og:title\" content=\"Aire acondicionado silencioso\u00a0para este verano - Efimarket\" \/>\n<meta property=\"og:description\" content=\"Modelo de aire acondicionado silencioso para este verano. \u2705 Consulta caracter\u00edsticas, precios, ofertas, instalaci\u00f3n \u2705 Efimarket te ayuda a ahorrar.\" \/>\n<meta property=\"og:url\" content=\"https:\/\/efimarket.com\/blog\/aire-acondicionado-silencioso-verano\/\" \/>\n<meta property=\"og:site_name\" content=\"Efimarket\" \/>\n<meta property=\"article:publisher\" content=\"https:\/\/www.facebook.com\/efimarket\" \/>\n<meta property=\"article:published_time\" content=\"2024-10-01T12:13:36+00:00\" \/>\n<meta property=\"article:modified_time\" content=\"2025-07-22T08:50:43+00:00\" \/>\n<meta property=\"og:image\" content=\"https:\/\/efimarket.com\/blog\/wp-content\/uploads\/2018\/06\/aire-acondicionado-silencioso.jpg\" \/>\n\t<meta property=\"og:image:width\" content=\"400\" \/>\n\t<meta property=\"og:image:height\" content=\"400\" \/>\n\t<meta property=\"og:image:type\" content=\"image\/jpeg\" \/>\n<meta name=\"author\" content=\"admin\" \/>\n<meta name=\"twitter:card\" content=\"summary_large_image\" \/>\n<meta name=\"twitter:creator\" content=\"@efimarket\" \/>\n<meta name=\"twitter:site\" content=\"@efimarket\" \/>\n<meta name=\"twitter:label1\" content=\"Escrito por\" \/>\n\t<meta name=\"twitter:data1\" content=\"admin\" \/>\n\t<meta name=\"twitter:label2\" content=\"Tiempo de lectura\" \/>\n\t<meta name=\"twitter:data2\" content=\"5 minutos\" \/>\n<script type=\"application\/ld+json\" class=\"yoast-schema-graph\">{\"@context\":\"https:\/\/schema.org\",\"@graph\":[{\"@type\":\"Article\",\"@id\":\"https:\/\/efimarket.com\/blog\/aire-acondicionado-silencioso-verano\/#article\",\"isPartOf\":{\"@id\":\"https:\/\/efimarket.com\/blog\/aire-acondicionado-silencioso-verano\/\"},\"author\":{\"name\":\"admin\",\"@id\":\"https:\/\/efimarket.com\/blog\/#\/schema\/person\/bcdfc5ed5349e71b739ff3a2bdf624cf\"},\"headline\":\"Aire acondicionado silencioso\u00a0para este verano\",\"datePublished\":\"2024-10-01T12:13:36+00:00\",\"dateModified\":\"2025-07-22T08:50:43+00:00\",\"mainEntityOfPage\":{\"@id\":\"https:\/\/efimarket.com\/blog\/aire-acondicionado-silencioso-verano\/\"},\"wordCount\":1019,\"publisher\":{\"@id\":\"https:\/\/efimarket.com\/blog\/#organization\"},\"image\":{\"@id\":\"https:\/\/efimarket.com\/blog\/aire-acondicionado-silencioso-verano\/#primaryimage\"},\"thumbnailUrl\":\"https:\/\/efimarket.com\/blog\/wp-content\/uploads\/2018\/06\/aire-acondicionado-silencioso.jpg\",\"articleSection\":[\"Climatizaci\u00f3n\"],\"inLanguage\":\"es\"},{\"@type\":\"WebPage\",\"@id\":\"https:\/\/efimarket.com\/blog\/aire-acondicionado-silencioso-verano\/\",\"url\":\"https:\/\/efimarket.com\/blog\/aire-acondicionado-silencioso-verano\/\",\"name\":\"Aire acondicionado silencioso\u00a0para este verano - Efimarket\",\"isPartOf\":{\"@id\":\"https:\/\/efimarket.com\/blog\/#website\"},\"primaryImageOfPage\":{\"@id\":\"https:\/\/efimarket.com\/blog\/aire-acondicionado-silencioso-verano\/#primaryimage\"},\"image\":{\"@id\":\"https:\/\/efimarket.com\/blog\/aire-acondicionado-silencioso-verano\/#primaryimage\"},\"thumbnailUrl\":\"https:\/\/efimarket.com\/blog\/wp-content\/uploads\/2018\/06\/aire-acondicionado-silencioso.jpg\",\"datePublished\":\"2024-10-01T12:13:36+00:00\",\"dateModified\":\"2025-07-22T08:50:43+00:00\",\"description\":\"Modelo de aire acondicionado silencioso para este verano. \u2705 Consulta caracter\u00edsticas, precios, ofertas, instalaci\u00f3n \u2705 Efimarket te ayuda a ahorrar.\",\"breadcrumb\":{\"@id\":\"https:\/\/efimarket.com\/blog\/aire-acondicionado-silencioso-verano\/#breadcrumb\"},\"inLanguage\":\"es\",\"potentialAction\":[{\"@type\":\"ReadAction\",\"target\":[\"https:\/\/efimarket.com\/blog\/aire-acondicionado-silencioso-verano\/\"]}]},{\"@type\":\"ImageObject\",\"inLanguage\":\"es\",\"@id\":\"https:\/\/efimarket.com\/blog\/aire-acondicionado-silencioso-verano\/#primaryimage\",\"url\":\"https:\/\/efimarket.com\/blog\/wp-content\/uploads\/2018\/06\/aire-acondicionado-silencioso.jpg\",\"contentUrl\":\"https:\/\/efimarket.com\/blog\/wp-content\/uploads\/2018\/06\/aire-acondicionado-silencioso.jpg\",\"width\":400,\"height\":400},{\"@type\":\"BreadcrumbList\",\"@id\":\"https:\/\/efimarket.com\/blog\/aire-acondicionado-silencioso-verano\/#breadcrumb\",\"itemListElement\":[{\"@type\":\"ListItem\",\"position\":1,\"name\":\"Portada\",\"item\":\"https:\/\/efimarket.com\/blog\/\"},{\"@type\":\"ListItem\",\"position\":2,\"name\":\"Aire acondicionado silencioso\u00a0para este verano\"}]},{\"@type\":\"WebSite\",\"@id\":\"https:\/\/efimarket.com\/blog\/#website\",\"url\":\"https:\/\/efimarket.com\/blog\/\",\"name\":\"Efimarket\",\"description\":\"El blog de Efimarket.com 2025\",\"publisher\":{\"@id\":\"https:\/\/efimarket.com\/blog\/#organization\"},\"potentialAction\":[{\"@type\":\"SearchAction\",\"target\":{\"@type\":\"EntryPoint\",\"urlTemplate\":\"https:\/\/efimarket.com\/blog\/?s={search_term_string}\"},\"query-input\":{\"@type\":\"PropertyValueSpecification\",\"valueRequired\":true,\"valueName\":\"search_term_string\"}}],\"inLanguage\":\"es\"},{\"@type\":\"Organization\",\"@id\":\"https:\/\/efimarket.com\/blog\/#organization\",\"name\":\"Efimarket\",\"url\":\"https:\/\/efimarket.com\/blog\/\",\"logo\":{\"@type\":\"ImageObject\",\"inLanguage\":\"es\",\"@id\":\"https:\/\/efimarket.com\/blog\/#\/schema\/logo\/image\/\",\"url\":\"https:\/\/efimarket.com\/blog\/wp-content\/uploads\/2017\/04\/cropped-logo2.png\",\"contentUrl\":\"https:\/\/efimarket.com\/blog\/wp-content\/uploads\/2017\/04\/cropped-logo2.png\",\"width\":534,\"height\":250,\"caption\":\"Efimarket\"},\"image\":{\"@id\":\"https:\/\/efimarket.com\/blog\/#\/schema\/logo\/image\/\"},\"sameAs\":[\"https:\/\/www.facebook.com\/efimarket\",\"https:\/\/x.com\/efimarket\",\"https:\/\/www.pinterest.es\/efimarket\/\",\"https:\/\/www.youtube.com\/user\/efimarketcom\"]},{\"@type\":\"Person\",\"@id\":\"https:\/\/efimarket.com\/blog\/#\/schema\/person\/bcdfc5ed5349e71b739ff3a2bdf624cf\",\"name\":\"admin\",\"image\":{\"@type\":\"ImageObject\",\"inLanguage\":\"es\",\"@id\":\"https:\/\/efimarket.com\/blog\/#\/schema\/person\/image\/\",\"url\":\"https:\/\/secure.gravatar.com\/avatar\/977f22003c85ee7339a23bcbba898034?s=96&d=mm&r=g\",\"contentUrl\":\"https:\/\/secure.gravatar.com\/avatar\/977f22003c85ee7339a23bcbba898034?s=96&d=mm&r=g\",\"caption\":\"admin\"}}]}<\/script>\n<!-- \/ Yoast SEO plugin. -->","yoast_head_json":{"title":"Aire acondicionado silencioso\u00a0para este verano - Efimarket","description":"Modelo de aire acondicionado silencioso para este verano. \u2705 Consulta caracter\u00edsticas, precios, ofertas, instalaci\u00f3n \u2705 Efimarket te ayuda a ahorrar.","robots":{"index":"index","follow":"follow","max-snippet":"max-snippet:-1","max-image-preview":"max-image-preview:large","max-video-preview":"max-video-preview:-1"},"canonical":"https:\/\/efimarket.com\/blog\/aire-acondicionado-silencioso-verano\/","og_locale":"es_ES","og_type":"article","og_title":"Aire acondicionado silencioso\u00a0para este verano - Efimarket","og_description":"Modelo de aire acondicionado silencioso para este verano. \u2705 Consulta caracter\u00edsticas, precios, ofertas, instalaci\u00f3n \u2705 Efimarket te ayuda a ahorrar.","og_url":"https:\/\/efimarket.com\/blog\/aire-acondicionado-silencioso-verano\/","og_site_name":"Efimarket","article_publisher":"https:\/\/www.facebook.com\/efimarket","article_published_time":"2024-10-01T12:13:36+00:00","article_modified_time":"2025-07-22T08:50:43+00:00","og_image":[{"width":400,"height":400,"url":"https:\/\/efimarket.com\/blog\/wp-content\/uploads\/2018\/06\/aire-acondicionado-silencioso.jpg","type":"image\/jpeg"}],"author":"admin","twitter_card":"summary_large_image","twitter_creator":"@efimarket","twitter_site":"@efimarket","twitter_misc":{"Escrito por":"admin","Tiempo de lectura":"5 minutos"},"schema":{"@context":"https:\/\/schema.org","@graph":[{"@type":"Article","@id":"https:\/\/efimarket.com\/blog\/aire-acondicionado-silencioso-verano\/#article","isPartOf":{"@id":"https:\/\/efimarket.com\/blog\/aire-acondicionado-silencioso-verano\/"},"author":{"name":"admin","@id":"https:\/\/efimarket.com\/blog\/#\/schema\/person\/bcdfc5ed5349e71b739ff3a2bdf624cf"},"headline":"Aire acondicionado silencioso\u00a0para este verano","datePublished":"2024-10-01T12:13:36+00:00","dateModified":"2025-07-22T08:50:43+00:00","mainEntityOfPage":{"@id":"https:\/\/efimarket.com\/blog\/aire-acondicionado-silencioso-verano\/"},"wordCount":1019,"publisher":{"@id":"https:\/\/efimarket.com\/blog\/#organization"},"image":{"@id":"https:\/\/efimarket.com\/blog\/aire-acondicionado-silencioso-verano\/#primaryimage"},"thumbnailUrl":"https:\/\/efimarket.com\/blog\/wp-content\/uploads\/2018\/06\/aire-acondicionado-silencioso.jpg","articleSection":["Climatizaci\u00f3n"],"inLanguage":"es"},{"@type":"WebPage","@id":"https:\/\/efimarket.com\/blog\/aire-acondicionado-silencioso-verano\/","url":"https:\/\/efimarket.com\/blog\/aire-acondicionado-silencioso-verano\/","name":"Aire acondicionado silencioso\u00a0para este verano - Efimarket","isPartOf":{"@id":"https:\/\/efimarket.com\/blog\/#website"},"primaryImageOfPage":{"@id":"https:\/\/efimarket.com\/blog\/aire-acondicionado-silencioso-verano\/#primaryimage"},"image":{"@id":"https:\/\/efimarket.com\/blog\/aire-acondicionado-silencioso-verano\/#primaryimage"},"thumbnailUrl":"https:\/\/efimarket.com\/blog\/wp-content\/uploads\/2018\/06\/aire-acondicionado-silencioso.jpg","datePublished":"2024-10-01T12:13:36+00:00","dateModified":"2025-07-22T08:50:43+00:00","description":"Modelo de aire acondicionado silencioso para este verano. \u2705 Consulta caracter\u00edsticas, precios, ofertas, instalaci\u00f3n \u2705 Efimarket te ayuda a ahorrar.","breadcrumb":{"@id":"https:\/\/efimarket.com\/blog\/aire-acondicionado-silencioso-verano\/#breadcrumb"},"inLanguage":"es","potentialAction":[{"@type":"ReadAction","target":["https:\/\/efimarket.com\/blog\/aire-acondicionado-silencioso-verano\/"]}]},{"@type":"ImageObject","inLanguage":"es","@id":"https:\/\/efimarket.com\/blog\/aire-acondicionado-silencioso-verano\/#primaryimage","url":"https:\/\/efimarket.com\/blog\/wp-content\/uploads\/2018\/06\/aire-acondicionado-silencioso.jpg","contentUrl":"https:\/\/efimarket.com\/blog\/wp-content\/uploads\/2018\/06\/aire-acondicionado-silencioso.jpg","width":400,"height":400},{"@type":"BreadcrumbList","@id":"https:\/\/efimarket.com\/blog\/aire-acondicionado-silencioso-verano\/#breadcrumb","itemListElement":[{"@type":"ListItem","position":1,"name":"Portada","item":"https:\/\/efimarket.com\/blog\/"},{"@type":"ListItem","position":2,"name":"Aire acondicionado silencioso\u00a0para este verano"}]},{"@type":"WebSite","@id":"https:\/\/efimarket.com\/blog\/#website","url":"https:\/\/efimarket.com\/blog\/","name":"Efimarket","description":"El blog de Efimarket.com 2025","publisher":{"@id":"https:\/\/efimarket.com\/blog\/#organization"},"potentialAction":[{"@type":"SearchAction","target":{"@type":"EntryPoint","urlTemplate":"https:\/\/efimarket.com\/blog\/?s={search_term_string}"},"query-input":{"@type":"PropertyValueSpecification","valueRequired":true,"valueName":"search_term_string"}}],"inLanguage":"es"},{"@type":"Organization","@id":"https:\/\/efimarket.com\/blog\/#organization","name":"Efimarket","url":"https:\/\/efimarket.com\/blog\/","logo":{"@type":"ImageObject","inLanguage":"es","@id":"https:\/\/efimarket.com\/blog\/#\/schema\/logo\/image\/","url":"https:\/\/efimarket.com\/blog\/wp-content\/uploads\/2017\/04\/cropped-logo2.png","contentUrl":"https:\/\/efimarket.com\/blog\/wp-content\/uploads\/2017\/04\/cropped-logo2.png","width":534,"height":250,"caption":"Efimarket"},"image":{"@id":"https:\/\/efimarket.com\/blog\/#\/schema\/logo\/image\/"},"sameAs":["https:\/\/www.facebook.com\/efimarket","https:\/\/x.com\/efimarket","https:\/\/www.pinterest.es\/efimarket\/","https:\/\/www.youtube.com\/user\/efimarketcom"]},{"@type":"Person","@id":"https:\/\/efimarket.com\/blog\/#\/schema\/person\/bcdfc5ed5349e71b739ff3a2bdf624cf","name":"admin","image":{"@type":"ImageObject","inLanguage":"es","@id":"https:\/\/efimarket.com\/blog\/#\/schema\/person\/image\/","url":"https:\/\/secure.gravatar.com\/avatar\/977f22003c85ee7339a23bcbba898034?s=96&d=mm&r=g","contentUrl":"https:\/\/secure.gravatar.com\/avatar\/977f22003c85ee7339a23bcbba898034?s=96&d=mm&r=g","caption":"admin"}}]}},"_links":{"self":[{"href":"https:\/\/efimarket.com\/blog\/wp-json\/wp\/v2\/posts\/12072","targetHints":{"allow":["GET"]}}],"collection":[{"href":"https:\/\/efimarket.com\/blog\/wp-json\/wp\/v2\/posts"}],"about":[{"href":"https:\/\/efimarket.com\/blog\/wp-json\/wp\/v2\/types\/post"}],"author":[{"embeddable":true,"href":"https:\/\/efimarket.com\/blog\/wp-json\/wp\/v2\/users\/1"}],"replies":[{"embeddable":true,"href":"https:\/\/efimarket.com\/blog\/wp-json\/wp\/v2\/comments?post=12072"}],"version-history":[{"count":3,"href":"https:\/\/efimarket.com\/blog\/wp-json\/wp\/v2\/posts\/12072\/revisions"}],"predecessor-version":[{"id":12670,"href":"https:\/\/efimarket.com\/blog\/wp-json\/wp\/v2\/posts\/12072\/revisions\/12670"}],"wp:attachment":[{"href":"https:\/\/efimarket.com\/blog\/wp-json\/wp\/v2\/media?parent=12072"}],"wp:term":[{"taxonomy":"category","embeddable":true,"href":"https:\/\/efimarket.com\/blog\/wp-json\/wp\/v2\/categories?post=12072"},{"taxonomy":"post_tag","embeddable":true,"href":"https:\/\/efimarket.com\/blog\/wp-json\/wp\/v2\/tags?post=12072"}],"curies":[{"name":"wp","href":"https:\/\/api.w.org\/{rel}","templated":true}]}}