{"id":11775,"date":"2018-02-09T11:32:56","date_gmt":"2018-02-09T10:32:56","guid":{"rendered":"http:\/\/www.efimarket.com\/blog\/?p=11775"},"modified":"2020-04-07T09:16:06","modified_gmt":"2020-04-07T07:16:06","slug":"origen-la-movilidad-sostenible","status":"publish","type":"post","link":"https:\/\/efimarket.com\/blog\/origen-la-movilidad-sostenible\/","title":{"rendered":"El origen de la movilidad sostenible"},"content":{"rendered":"<div style=\"text-align: left;\"><strong><img loading=\"lazy\" decoding=\"async\" class=\"size-medium wp-image-11778 alignleft\" src=\"http:\/\/www.efimarket.com\/blog\/wp-content\/uploads\/2018\/02\/movilidad-sostenible-wallboxok-300x174.jpg\" alt=\"\" width=\"300\" height=\"174\" \/>El Banco Mundial prev\u00e9 que en el a\u00f1o 2030 el 60% del planeta vivir\u00e1 en ciudades<\/strong>. Esto significa que no s\u00f3lo aumentar\u00e1 la demanda de viviendas sino que tambi\u00e9n<span style=\"color: #fa5c5d;\"> habr\u00e1 un incremento del parque automovil\u00edstico<\/span> en nuestras calles.<\/div>\n<div style=\"text-align: justify;\"><\/div>\n<p><!--more--><\/p>\n<div style=\"text-align: justify;\">Actualmente el modelo actual de transporte urbano posee grandes inconvenientes, es un <span style=\"color: #fa5c5d;\">modelo basado en el coche particular,<\/span> lo que se ha traducido en un aumento de la contaminaci\u00f3n del aire, el consumo excesivo de energ\u00eda, efectos da\u00f1inos sobre la salud en la poblaci\u00f3n o la saturaci\u00f3n de las v\u00edas de circulaci\u00f3n.<\/div>\n<div style=\"text-align: justify;\"><\/div>\n<div style=\"text-align: justify;\">Esta situaci\u00f3n ha provocado en la sociedad la necesidad de encontrar alternativas para evitar los efectos negativos de este modelo de transporte y buscar de esta forma un nuevo modelo de ciudad sostenible.<\/div>\n<div style=\"text-align: justify;\"><\/div>\n<div style=\"text-align: justify;\"><strong><span style=\"color: #fa5c5d;\">\u00bfC\u00f3mo hacer para que las personas y los bienes se transporten de forma sostenible?<\/span><\/strong><\/div>\n<div style=\"text-align: justify;\"><\/div>\n<div style=\"text-align: justify;\">El concepto de <strong>movilidad sostenible<\/strong> se relaciona con aquellas pr\u00e1cticas responsables destinadas a reducir los efectos negativos mencionados anteriormente. La poblaci\u00f3n cada vez m\u00e1s sensibilizada ya ha iniciado cambios en su vida diaria para mejorar la calidad del entorno. Desplazamientos a pie, en bicicleta, transporte p\u00fablico, compartir coche, etc. ser\u00edan alguna de estas pr\u00e1cticas, pero adem\u00e1s existe por parte de empresas o administraciones pol\u00edticas encaminadas a favorecer dicho cambio.<\/div>\n<div style=\"text-align: justify;\"><\/div>\n<div style=\"text-align: justify;\">El transporte sostenible en las ciudades significa buscar soluciones relacionadas a mejorar las redes del transporte p\u00fablico, promover el uso de la bicicleta e incluso caminar; es decir, trasladarse de una forma que tenga un impacto menos negativo en el medio ambiente. <span style=\"color: #fa5c5d;\">En resumen, dejar en casa el autom\u00f3vil y moverse en medios m\u00e1s \u201cecoamigables\u201d.<\/span><\/div>\n<div style=\"text-align: justify;\"><\/div>\n<div style=\"text-align: justify;\"><strong><span style=\"color: #fa5c5d;\">\u00bfC\u00f3mo lograr la movilidad sostenible?<\/span><\/strong><\/div>\n<div style=\"text-align: justify;\"><\/div>\n<div style=\"text-align: justify;\">Seg\u00fan el Informe sobre la movilidad mundial publicado por el Banco Mundial, para lograr la movilidad sostenible necesitamos conseguir cuatro objetivos de forma simult\u00e1nea: acceso universal, eficiencia, seguridad y la movilidad ecol\u00f3gica.<\/div>\n<div style=\"text-align: justify;\"><\/div>\n<div style=\"text-align: justify;\">El concepto actual de movilidad contribuye a la desigualdad en el acceso a oportunidades sociales y econ\u00f3micas, causa muertes por accidentes de tr\u00e1fico y promueve el alto consumo de combustibles f\u00f3siles, que a su vez da\u00f1an el medio ambiente debido a las grandes cantidades de emisiones de CO2.<\/div>\n<div style=\"text-align: justify;\"><\/div>\n<div style=\"text-align: justify;\">\n<p><strong><span style=\"color: #fa5c5d;\">Veh\u00edculos el\u00e9ctricos y movilidad sostenible.<\/span><\/strong><\/p>\n<p>Si el concepto de movilidad sostenible puede relacionarse con todas aquellas acciones destinadas a que las personas mejoren la calidad del entorno, podemos decir que <span style=\"color: #fa5c5d;\">los coches el\u00e9ctricos son la mejor alternativa para que nuestros desplazamientos sean m\u00e1s responsables con el planeta.<\/span><\/p>\n<p>En Espa\u00f1a, las ventas de coches el\u00e9ctricos siguen aumentando. Seg\u00fan <a href=\"https:\/\/www.v2charge.com\/\">V2C<\/a>, el pasado a\u00f1o 2017 se vendieron en Espa\u00f1a 3.920 coches el\u00e9ctricos, una cifra optimista, teniendo en cuenta que las ventas han aumentado un 96%, 2017 supera con creces las 2.005 unidades de coches el\u00e9ctricos vendidos en 2016.<\/p>\n<p>El parque m\u00f3vil del pa\u00eds ya representa un 2% seg\u00fan la Asociaci\u00f3n Espa\u00f1ola de Fabricantes de Autom\u00f3viles y Caminos (ANFAC). Este nuevo escenario confirma que los veh\u00edculos el\u00e9ctricos est\u00e1n cada vez m\u00e1s presentes en el mercado automovil\u00edstico espa\u00f1ol.<\/p>\n<p>En el a\u00f1o 2020 el Ministerio de Econom\u00eda, Industria y Competitividad prev\u00e9 que Espa\u00f1a triplique el n\u00famero de veh\u00edculos el\u00e9ctricos con respecto a 2017. Es decir se estima que habr\u00e1 110.000 veh\u00edculos el\u00e9ctricos en Espa\u00f1a.<\/p>\n<p><span style=\"color: #fa5c5d;\"><strong>\u00bfEstos datos optimistas con respecto a las ventas de coches el\u00e9ctricos se traducir\u00e1n en una nueva oportunidad para el planeta?<\/strong><\/span><\/p>\n<p>Casi un 25% de los gases de efecto invernadero proceden de los veh\u00edculos de combusti\u00f3n interna (gasolina y di\u00e9sel). La adopci\u00f3n de nuevos medios de transporte el\u00e9ctricos ayudar\u00e1 sin duda a evitar un calentamiento global con consecuencias devastadoras.<\/p>\n<p>Un estudio del Massachusetts Institute of Techology (MIT) realizado a lo largo de cuatro a\u00f1os en EEUU concluye que la adopci\u00f3n del veh\u00edculo el\u00e9ctrico reducir\u00eda un 60% el consumo de gasolina en el pa\u00eds y ahorrar\u00eda un 30% de todas las emisiones provocadas por el sector transporte. La reducci\u00f3n ser\u00eda a\u00fan mayor si la electricidad generada para cargar los veh\u00edculos procediera de energ\u00edas renovables.<\/p>\n<p>Parece pues que nos encontramos ante un momento de cambio, con cierta incertidumbre pero cada vez m\u00e1s concienciados sobre el uso de las nuevas formas de transporte y apostando cada vez m\u00e1s fuerte por el cambio hacia el coche el\u00e9ctrico.<\/p>\n<\/div>\n","protected":false},"excerpt":{"rendered":"<p>El Banco Mundial prev\u00e9 que en el a\u00f1o 2030 el 60% del planeta vivir\u00e1 en ciudades. Esto significa que no s\u00f3lo aumentar\u00e1 la demanda de viviendas sino que tambi\u00e9n habr\u00e1 un incremento del parque automovil\u00edstico en nuestras calles.<\/p>\n","protected":false},"author":1,"featured_media":0,"comment_status":"closed","ping_status":"closed","sticky":false,"template":"","format":"standard","meta":{"footnotes":""},"categories":[1097],"tags":[],"class_list":["post-11775","post","type-post","status-publish","format-standard","hentry","category-productos-movilidad-sostenible"],"yoast_head":"<!-- This site is optimized with the Yoast SEO plugin v24.8.1 - https:\/\/yoast.com\/wordpress\/plugins\/seo\/ -->\n<title>El origen de la movilidad sostenible - Efimarket<\/title>\n<meta name=\"description\" content=\"\u00bfC\u00f3mo lograr la movilidad sostenible? Los coches el\u00e9ctricos son la mejor alternativa para que los desplazamientos sean m\u00e1s responsables.\" \/>\n<meta name=\"robots\" content=\"index, follow, max-snippet:-1, max-image-preview:large, max-video-preview:-1\" \/>\n<link rel=\"canonical\" href=\"https:\/\/efimarket.com\/blog\/origen-la-movilidad-sostenible\/\" \/>\n<meta property=\"og:locale\" content=\"es_ES\" \/>\n<meta property=\"og:type\" content=\"article\" \/>\n<meta property=\"og:title\" content=\"El origen de la movilidad sostenible - Efimarket\" \/>\n<meta property=\"og:description\" content=\"\u00bfC\u00f3mo lograr la movilidad sostenible? Los coches el\u00e9ctricos son la mejor alternativa para que los desplazamientos sean m\u00e1s responsables.\" \/>\n<meta property=\"og:url\" content=\"https:\/\/efimarket.com\/blog\/origen-la-movilidad-sostenible\/\" \/>\n<meta property=\"og:site_name\" content=\"Efimarket\" \/>\n<meta property=\"article:publisher\" content=\"https:\/\/www.facebook.com\/efimarket\" \/>\n<meta property=\"article:published_time\" content=\"2018-02-09T10:32:56+00:00\" \/>\n<meta property=\"article:modified_time\" content=\"2020-04-07T07:16:06+00:00\" \/>\n<meta property=\"og:image\" content=\"http:\/\/www.efimarket.com\/blog\/wp-content\/uploads\/2018\/02\/movilidad-sostenible-wallboxok-300x174.jpg\" \/>\n<meta name=\"author\" content=\"admin\" \/>\n<meta name=\"twitter:card\" content=\"summary_large_image\" \/>\n<meta name=\"twitter:creator\" content=\"@efimarket\" \/>\n<meta name=\"twitter:site\" content=\"@efimarket\" \/>\n<meta name=\"twitter:label1\" content=\"Escrito por\" \/>\n\t<meta name=\"twitter:data1\" content=\"admin\" \/>\n\t<meta name=\"twitter:label2\" content=\"Tiempo de lectura\" \/>\n\t<meta name=\"twitter:data2\" content=\"4 minutos\" \/>\n<script type=\"application\/ld+json\" class=\"yoast-schema-graph\">{\"@context\":\"https:\/\/schema.org\",\"@graph\":[{\"@type\":\"Article\",\"@id\":\"https:\/\/efimarket.com\/blog\/origen-la-movilidad-sostenible\/#article\",\"isPartOf\":{\"@id\":\"https:\/\/efimarket.com\/blog\/origen-la-movilidad-sostenible\/\"},\"author\":{\"name\":\"admin\",\"@id\":\"https:\/\/efimarket.com\/blog\/#\/schema\/person\/bcdfc5ed5349e71b739ff3a2bdf624cf\"},\"headline\":\"El origen de la movilidad sostenible\",\"datePublished\":\"2018-02-09T10:32:56+00:00\",\"dateModified\":\"2020-04-07T07:16:06+00:00\",\"mainEntityOfPage\":{\"@id\":\"https:\/\/efimarket.com\/blog\/origen-la-movilidad-sostenible\/\"},\"wordCount\":754,\"publisher\":{\"@id\":\"https:\/\/efimarket.com\/blog\/#organization\"},\"image\":{\"@id\":\"https:\/\/efimarket.com\/blog\/origen-la-movilidad-sostenible\/#primaryimage\"},\"thumbnailUrl\":\"http:\/\/www.efimarket.com\/blog\/wp-content\/uploads\/2018\/02\/movilidad-sostenible-wallboxok-300x174.jpg\",\"articleSection\":[\"Movilidad sostenible\"],\"inLanguage\":\"es\"},{\"@type\":\"WebPage\",\"@id\":\"https:\/\/efimarket.com\/blog\/origen-la-movilidad-sostenible\/\",\"url\":\"https:\/\/efimarket.com\/blog\/origen-la-movilidad-sostenible\/\",\"name\":\"El origen de la movilidad sostenible - Efimarket\",\"isPartOf\":{\"@id\":\"https:\/\/efimarket.com\/blog\/#website\"},\"primaryImageOfPage\":{\"@id\":\"https:\/\/efimarket.com\/blog\/origen-la-movilidad-sostenible\/#primaryimage\"},\"image\":{\"@id\":\"https:\/\/efimarket.com\/blog\/origen-la-movilidad-sostenible\/#primaryimage\"},\"thumbnailUrl\":\"http:\/\/www.efimarket.com\/blog\/wp-content\/uploads\/2018\/02\/movilidad-sostenible-wallboxok-300x174.jpg\",\"datePublished\":\"2018-02-09T10:32:56+00:00\",\"dateModified\":\"2020-04-07T07:16:06+00:00\",\"description\":\"\u00bfC\u00f3mo lograr la movilidad sostenible? Los coches el\u00e9ctricos son la mejor alternativa para que los desplazamientos sean m\u00e1s responsables.\",\"breadcrumb\":{\"@id\":\"https:\/\/efimarket.com\/blog\/origen-la-movilidad-sostenible\/#breadcrumb\"},\"inLanguage\":\"es\",\"potentialAction\":[{\"@type\":\"ReadAction\",\"target\":[\"https:\/\/efimarket.com\/blog\/origen-la-movilidad-sostenible\/\"]}]},{\"@type\":\"ImageObject\",\"inLanguage\":\"es\",\"@id\":\"https:\/\/efimarket.com\/blog\/origen-la-movilidad-sostenible\/#primaryimage\",\"url\":\"http:\/\/www.efimarket.com\/blog\/wp-content\/uploads\/2018\/02\/movilidad-sostenible-wallboxok-300x174.jpg\",\"contentUrl\":\"http:\/\/www.efimarket.com\/blog\/wp-content\/uploads\/2018\/02\/movilidad-sostenible-wallboxok-300x174.jpg\"},{\"@type\":\"BreadcrumbList\",\"@id\":\"https:\/\/efimarket.com\/blog\/origen-la-movilidad-sostenible\/#breadcrumb\",\"itemListElement\":[{\"@type\":\"ListItem\",\"position\":1,\"name\":\"Portada\",\"item\":\"https:\/\/efimarket.com\/blog\/\"},{\"@type\":\"ListItem\",\"position\":2,\"name\":\"El origen de la movilidad sostenible\"}]},{\"@type\":\"WebSite\",\"@id\":\"https:\/\/efimarket.com\/blog\/#website\",\"url\":\"https:\/\/efimarket.com\/blog\/\",\"name\":\"Efimarket\",\"description\":\"El blog de Efimarket.com 2025\",\"publisher\":{\"@id\":\"https:\/\/efimarket.com\/blog\/#organization\"},\"potentialAction\":[{\"@type\":\"SearchAction\",\"target\":{\"@type\":\"EntryPoint\",\"urlTemplate\":\"https:\/\/efimarket.com\/blog\/?s={search_term_string}\"},\"query-input\":{\"@type\":\"PropertyValueSpecification\",\"valueRequired\":true,\"valueName\":\"search_term_string\"}}],\"inLanguage\":\"es\"},{\"@type\":\"Organization\",\"@id\":\"https:\/\/efimarket.com\/blog\/#organization\",\"name\":\"Efimarket\",\"url\":\"https:\/\/efimarket.com\/blog\/\",\"logo\":{\"@type\":\"ImageObject\",\"inLanguage\":\"es\",\"@id\":\"https:\/\/efimarket.com\/blog\/#\/schema\/logo\/image\/\",\"url\":\"https:\/\/efimarket.com\/blog\/wp-content\/uploads\/2017\/04\/cropped-logo2.png\",\"contentUrl\":\"https:\/\/efimarket.com\/blog\/wp-content\/uploads\/2017\/04\/cropped-logo2.png\",\"width\":534,\"height\":250,\"caption\":\"Efimarket\"},\"image\":{\"@id\":\"https:\/\/efimarket.com\/blog\/#\/schema\/logo\/image\/\"},\"sameAs\":[\"https:\/\/www.facebook.com\/efimarket\",\"https:\/\/x.com\/efimarket\",\"https:\/\/www.pinterest.es\/efimarket\/\",\"https:\/\/www.youtube.com\/user\/efimarketcom\"]},{\"@type\":\"Person\",\"@id\":\"https:\/\/efimarket.com\/blog\/#\/schema\/person\/bcdfc5ed5349e71b739ff3a2bdf624cf\",\"name\":\"admin\",\"image\":{\"@type\":\"ImageObject\",\"inLanguage\":\"es\",\"@id\":\"https:\/\/efimarket.com\/blog\/#\/schema\/person\/image\/\",\"url\":\"https:\/\/secure.gravatar.com\/avatar\/977f22003c85ee7339a23bcbba898034?s=96&d=mm&r=g\",\"contentUrl\":\"https:\/\/secure.gravatar.com\/avatar\/977f22003c85ee7339a23bcbba898034?s=96&d=mm&r=g\",\"caption\":\"admin\"}}]}<\/script>\n<!-- \/ Yoast SEO plugin. -->","yoast_head_json":{"title":"El origen de la movilidad sostenible - Efimarket","description":"\u00bfC\u00f3mo lograr la movilidad sostenible? Los coches el\u00e9ctricos son la mejor alternativa para que los desplazamientos sean m\u00e1s responsables.","robots":{"index":"index","follow":"follow","max-snippet":"max-snippet:-1","max-image-preview":"max-image-preview:large","max-video-preview":"max-video-preview:-1"},"canonical":"https:\/\/efimarket.com\/blog\/origen-la-movilidad-sostenible\/","og_locale":"es_ES","og_type":"article","og_title":"El origen de la movilidad sostenible - Efimarket","og_description":"\u00bfC\u00f3mo lograr la movilidad sostenible? Los coches el\u00e9ctricos son la mejor alternativa para que los desplazamientos sean m\u00e1s responsables.","og_url":"https:\/\/efimarket.com\/blog\/origen-la-movilidad-sostenible\/","og_site_name":"Efimarket","article_publisher":"https:\/\/www.facebook.com\/efimarket","article_published_time":"2018-02-09T10:32:56+00:00","article_modified_time":"2020-04-07T07:16:06+00:00","og_image":[{"url":"http:\/\/www.efimarket.com\/blog\/wp-content\/uploads\/2018\/02\/movilidad-sostenible-wallboxok-300x174.jpg","type":"","width":"","height":""}],"author":"admin","twitter_card":"summary_large_image","twitter_creator":"@efimarket","twitter_site":"@efimarket","twitter_misc":{"Escrito por":"admin","Tiempo de lectura":"4 minutos"},"schema":{"@context":"https:\/\/schema.org","@graph":[{"@type":"Article","@id":"https:\/\/efimarket.com\/blog\/origen-la-movilidad-sostenible\/#article","isPartOf":{"@id":"https:\/\/efimarket.com\/blog\/origen-la-movilidad-sostenible\/"},"author":{"name":"admin","@id":"https:\/\/efimarket.com\/blog\/#\/schema\/person\/bcdfc5ed5349e71b739ff3a2bdf624cf"},"headline":"El origen de la movilidad sostenible","datePublished":"2018-02-09T10:32:56+00:00","dateModified":"2020-04-07T07:16:06+00:00","mainEntityOfPage":{"@id":"https:\/\/efimarket.com\/blog\/origen-la-movilidad-sostenible\/"},"wordCount":754,"publisher":{"@id":"https:\/\/efimarket.com\/blog\/#organization"},"image":{"@id":"https:\/\/efimarket.com\/blog\/origen-la-movilidad-sostenible\/#primaryimage"},"thumbnailUrl":"http:\/\/www.efimarket.com\/blog\/wp-content\/uploads\/2018\/02\/movilidad-sostenible-wallboxok-300x174.jpg","articleSection":["Movilidad sostenible"],"inLanguage":"es"},{"@type":"WebPage","@id":"https:\/\/efimarket.com\/blog\/origen-la-movilidad-sostenible\/","url":"https:\/\/efimarket.com\/blog\/origen-la-movilidad-sostenible\/","name":"El origen de la movilidad sostenible - Efimarket","isPartOf":{"@id":"https:\/\/efimarket.com\/blog\/#website"},"primaryImageOfPage":{"@id":"https:\/\/efimarket.com\/blog\/origen-la-movilidad-sostenible\/#primaryimage"},"image":{"@id":"https:\/\/efimarket.com\/blog\/origen-la-movilidad-sostenible\/#primaryimage"},"thumbnailUrl":"http:\/\/www.efimarket.com\/blog\/wp-content\/uploads\/2018\/02\/movilidad-sostenible-wallboxok-300x174.jpg","datePublished":"2018-02-09T10:32:56+00:00","dateModified":"2020-04-07T07:16:06+00:00","description":"\u00bfC\u00f3mo lograr la movilidad sostenible? Los coches el\u00e9ctricos son la mejor alternativa para que los desplazamientos sean m\u00e1s responsables.","breadcrumb":{"@id":"https:\/\/efimarket.com\/blog\/origen-la-movilidad-sostenible\/#breadcrumb"},"inLanguage":"es","potentialAction":[{"@type":"ReadAction","target":["https:\/\/efimarket.com\/blog\/origen-la-movilidad-sostenible\/"]}]},{"@type":"ImageObject","inLanguage":"es","@id":"https:\/\/efimarket.com\/blog\/origen-la-movilidad-sostenible\/#primaryimage","url":"http:\/\/www.efimarket.com\/blog\/wp-content\/uploads\/2018\/02\/movilidad-sostenible-wallboxok-300x174.jpg","contentUrl":"http:\/\/www.efimarket.com\/blog\/wp-content\/uploads\/2018\/02\/movilidad-sostenible-wallboxok-300x174.jpg"},{"@type":"BreadcrumbList","@id":"https:\/\/efimarket.com\/blog\/origen-la-movilidad-sostenible\/#breadcrumb","itemListElement":[{"@type":"ListItem","position":1,"name":"Portada","item":"https:\/\/efimarket.com\/blog\/"},{"@type":"ListItem","position":2,"name":"El origen de la movilidad sostenible"}]},{"@type":"WebSite","@id":"https:\/\/efimarket.com\/blog\/#website","url":"https:\/\/efimarket.com\/blog\/","name":"Efimarket","description":"El blog de Efimarket.com 2025","publisher":{"@id":"https:\/\/efimarket.com\/blog\/#organization"},"potentialAction":[{"@type":"SearchAction","target":{"@type":"EntryPoint","urlTemplate":"https:\/\/efimarket.com\/blog\/?s={search_term_string}"},"query-input":{"@type":"PropertyValueSpecification","valueRequired":true,"valueName":"search_term_string"}}],"inLanguage":"es"},{"@type":"Organization","@id":"https:\/\/efimarket.com\/blog\/#organization","name":"Efimarket","url":"https:\/\/efimarket.com\/blog\/","logo":{"@type":"ImageObject","inLanguage":"es","@id":"https:\/\/efimarket.com\/blog\/#\/schema\/logo\/image\/","url":"https:\/\/efimarket.com\/blog\/wp-content\/uploads\/2017\/04\/cropped-logo2.png","contentUrl":"https:\/\/efimarket.com\/blog\/wp-content\/uploads\/2017\/04\/cropped-logo2.png","width":534,"height":250,"caption":"Efimarket"},"image":{"@id":"https:\/\/efimarket.com\/blog\/#\/schema\/logo\/image\/"},"sameAs":["https:\/\/www.facebook.com\/efimarket","https:\/\/x.com\/efimarket","https:\/\/www.pinterest.es\/efimarket\/","https:\/\/www.youtube.com\/user\/efimarketcom"]},{"@type":"Person","@id":"https:\/\/efimarket.com\/blog\/#\/schema\/person\/bcdfc5ed5349e71b739ff3a2bdf624cf","name":"admin","image":{"@type":"ImageObject","inLanguage":"es","@id":"https:\/\/efimarket.com\/blog\/#\/schema\/person\/image\/","url":"https:\/\/secure.gravatar.com\/avatar\/977f22003c85ee7339a23bcbba898034?s=96&d=mm&r=g","contentUrl":"https:\/\/secure.gravatar.com\/avatar\/977f22003c85ee7339a23bcbba898034?s=96&d=mm&r=g","caption":"admin"}}]}},"_links":{"self":[{"href":"https:\/\/efimarket.com\/blog\/wp-json\/wp\/v2\/posts\/11775","targetHints":{"allow":["GET"]}}],"collection":[{"href":"https:\/\/efimarket.com\/blog\/wp-json\/wp\/v2\/posts"}],"about":[{"href":"https:\/\/efimarket.com\/blog\/wp-json\/wp\/v2\/types\/post"}],"author":[{"embeddable":true,"href":"https:\/\/efimarket.com\/blog\/wp-json\/wp\/v2\/users\/1"}],"replies":[{"embeddable":true,"href":"https:\/\/efimarket.com\/blog\/wp-json\/wp\/v2\/comments?post=11775"}],"version-history":[{"count":0,"href":"https:\/\/efimarket.com\/blog\/wp-json\/wp\/v2\/posts\/11775\/revisions"}],"wp:attachment":[{"href":"https:\/\/efimarket.com\/blog\/wp-json\/wp\/v2\/media?parent=11775"}],"wp:term":[{"taxonomy":"category","embeddable":true,"href":"https:\/\/efimarket.com\/blog\/wp-json\/wp\/v2\/categories?post=11775"},{"taxonomy":"post_tag","embeddable":true,"href":"https:\/\/efimarket.com\/blog\/wp-json\/wp\/v2\/tags?post=11775"}],"curies":[{"name":"wp","href":"https:\/\/api.w.org\/{rel}","templated":true}]}}