{"id":11217,"date":"2017-06-05T13:55:45","date_gmt":"2017-06-05T11:55:45","guid":{"rendered":"http:\/\/www.efimarket.com\/blog\/?p=11217"},"modified":"2017-11-27T16:46:20","modified_gmt":"2017-11-27T15:46:20","slug":"un-semillero-con-una-caja-de-frutas","status":"publish","type":"post","link":"https:\/\/efimarket.com\/blog\/un-semillero-con-una-caja-de-frutas\/","title":{"rendered":"Un semillero con una caja de frutas"},"content":{"rendered":"<div style=\"text-align: justify;\">\n<div><a href=\"\"><img loading=\"lazy\" decoding=\"async\" class=\"size-full wp-image-10738 alignleft\" src=\"https:\/\/efimarket.com\/blog\/wp-content\/uploads\/2017\/06\/descarga.jpg\" alt=\"consumo coche electrico\" width=\"300\" height=\"124\" \/><\/a><\/div>\n<div>Con una caja de fruta de madera y unos cuantos productos baratos y f\u00e1ciles de conseguir podr\u00e1s hacer este bonito semillero-invernadero y comenzar tu \u201ccarrera\u201d como horticultor urbano o incluso implicar a tus hijos. Ciertas especies se empiezan a plantar en primavera, pero ahora que es verano a\u00fan hay tiempo para cultivar una segunda tanda\u2026 Y para empezar, con las de oto\u00f1o.<\/div>\n<div style=\"text-align: justify;\"><\/div>\n<p><!--more--><\/p>\n<div class='tm-tweet-clear'><\/div>\n<div class='tm-click-to-tweet'>\n<div class='tm-ctt-text'><a href='https:\/\/twitter.com\/share?text=Un+semillero+con+una+caja+de+frutas+https%3A%2F%2Fgoo.gl%2F4ssTcv&#038;url=https:\/\/efimarket.com\/blog\/un-semillero-con-una-caja-de-frutas\/' target='_blank'>Un semillero con una caja de frutas https:\/\/goo.gl\/4ssTcv<\/a><\/div>\n<p><a href='https:\/\/twitter.com\/share?text=Un+semillero+con+una+caja+de+frutas+https%3A%2F%2Fgoo.gl%2F4ssTcv&#038;url=https:\/\/efimarket.com\/blog\/un-semillero-con-una-caja-de-frutas\/' target='_blank' class='tm-ctt-btn'>Click To Tweet<\/a><\/p>\n<div class='tm-ctt-tip'><\/div>\n<\/div>\n<h4>Qu\u00e9 necesitas<\/h4>\n<ul>\n<li>Una caja de fruta en buen estado.<\/li>\n<li>List\u00f3n de madera de 12 x 27 mm de secci\u00f3n.<\/li>\n<li>Papel de lija de grano medio.<\/li>\n<li>Tablero de contrachapado de 5 mm de grosor.<\/li>\n<li>Selladora sint\u00e9tica.<\/li>\n<li>Adhesivo de montaje.<\/li>\n<li>Esmalte para exterior verde manzana y naranja.<\/li>\n<li>Pintura de pizarra.<\/li>\n<li>Varilla de espiga de haya de 6 mm de di\u00e1metro.<\/li>\n<li>Pl\u00e1stico grueso transparente.<\/li>\n<li>Precinto transparente, pinzas de ropa y tiza.<\/li>\n<li>Herramientas: sierra de costilla, sierra de calar con hoja para contrachapado, tijeras y brochas. (Encontrar\u00e1s estos materiales en los centros de bricolaje de Leroy Merlin).<\/li>\n<\/ul>\n<h4>C\u00f3mo hacerlo<\/h4>\n<p>1-Limpia la caja y corta el list\u00f3n de madera en cuatro segmentos iguales para las esquinas. Deben tener 30 cm de largo cada uno. L\u00edjalos un poco y p\u00e9galos a las esquinas con wadhesivo de montaje.<\/p>\n<p><img loading=\"lazy\" decoding=\"async\" src=\"https:\/\/efimarket.com\/blog\/wp-content\/uploads\/2017\/06\/images.jpg\" alt=\"\" width=\"283\" height=\"178\" class=\"alignnone size-full wp-image-11236\" \/><\/p>\n<p>2-Sierra la varilla de espiga en secciones de 20 cm y corta el tablero en trozos de 10 x 6 cm con la sierra de calar. Pega las varillas a los tableros con adhesivo de montaje para hacer los carteles.<\/p>\n<p>3-Aplica selladora sint\u00e9tica por el interior y el exterior de la caja con la brocha, y deja secar. Pinta la caja combinando los dos colores (o los que a ti m\u00e1s te gusten), dando dos manos por dentro y por fuera.<\/p>\n<p><img loading=\"lazy\" decoding=\"async\" src=\"https:\/\/efimarket.com\/blog\/wp-content\/uploads\/2017\/06\/images-1.jpg\" alt=\"\" width=\"283\" height=\"178\" class=\"alignnone size-full wp-image-11233\" \/><\/p>\n<p>4-Cuando la pintura est\u00e9 seca, forra el fondo y los laterales interiores de la caja con pl\u00e1stico. P\u00e9galo con adhesivo de montaje para que no se suelte. Haz unos agujeritos en la base para el drenaje.<\/p>\n<p><img loading=\"lazy\" decoding=\"async\" src=\"https:\/\/efimarket.com\/blog\/wp-content\/uploads\/2017\/06\/images-2.jpg\" alt=\"\" width=\"283\" height=\"178\" class=\"alignnone size-full wp-image-11234\" \/><\/p>\n<p>5-Coloca m\u00e1s pl\u00e1stico por encima de la caja y suj\u00e9talo con pinzas como en la foto. Este pl\u00e1stico har\u00e1 las veces de \u201cinvernadero\u201d. C\u00f3rtalo con cuidado y pega las esquinas con precinto, sujetando bien con unas pinzas.<\/p>\n<p>6-Levanta la cobertura de pl\u00e1stico y rellena la caja de tierra. Corta a la medida los separadores, p\u00edntalos con selladora y esmalte y col\u00f3calos despu\u00e9s de verter la tierra. \u00a1Ya pod\u00e9is empezar a plantar!<\/p>\n<p><img loading=\"lazy\" decoding=\"async\" src=\"https:\/\/efimarket.com\/blog\/wp-content\/uploads\/2017\/06\/descarga.jpg\" alt=\"\" width=\"283\" height=\"178\" class=\"alignnone size-full wp-image-11231\" \/><\/p>\n<\/div>\n","protected":false},"excerpt":{"rendered":"<p>Con una caja de fruta de madera y unos cuantos productos baratos y f\u00e1ciles de conseguir podr\u00e1s hacer este bonito semillero-invernadero y comenzar tu \u201ccarrera\u201d como horticultor urbano o incluso implicar a tus hijos. Ciertas especies se empiezan a plantar en primavera, pero ahora que es verano a\u00fan hay tiempo para cultivar una segunda tanda\u2026 &hellip; <\/p>\n<p class=\"link-more\"><a href=\"https:\/\/efimarket.com\/blog\/un-semillero-con-una-caja-de-frutas\/\" class=\"more-link\">Continuar leyendo<span class=\"screen-reader-text\"> \u00abUn semillero con una caja de frutas\u00bb<\/span><\/a><\/p>\n","protected":false},"author":1,"featured_media":0,"comment_status":"open","ping_status":"closed","sticky":false,"template":"","format":"standard","meta":{"footnotes":""},"categories":[1],"tags":[],"class_list":["post-11217","post","type-post","status-publish","format-standard","hentry","category-sin-categoria"],"yoast_head":"<!-- This site is optimized with the Yoast SEO plugin v24.8.1 - https:\/\/yoast.com\/wordpress\/plugins\/seo\/ -->\n<title>Un semillero con una caja de frutas - Efimarket<\/title>\n<meta name=\"robots\" content=\"index, follow, max-snippet:-1, max-image-preview:large, max-video-preview:-1\" \/>\n<link rel=\"canonical\" href=\"https:\/\/efimarket.com\/blog\/un-semillero-con-una-caja-de-frutas\/\" \/>\n<meta property=\"og:locale\" content=\"es_ES\" \/>\n<meta property=\"og:type\" content=\"article\" \/>\n<meta property=\"og:title\" content=\"Un semillero con una caja de frutas - Efimarket\" \/>\n<meta property=\"og:description\" content=\"Con una caja de fruta de madera y unos cuantos productos baratos y f\u00e1ciles de conseguir podr\u00e1s hacer este bonito semillero-invernadero y comenzar tu \u201ccarrera\u201d como horticultor urbano o incluso implicar a tus hijos. Ciertas especies se empiezan a plantar en primavera, pero ahora que es verano a\u00fan hay tiempo para cultivar una segunda tanda\u2026 &hellip; Continuar leyendo &quot;Un semillero con una caja de frutas&quot;\" \/>\n<meta property=\"og:url\" content=\"https:\/\/efimarket.com\/blog\/un-semillero-con-una-caja-de-frutas\/\" \/>\n<meta property=\"og:site_name\" content=\"Efimarket\" \/>\n<meta property=\"article:publisher\" content=\"https:\/\/www.facebook.com\/efimarket\" \/>\n<meta property=\"article:published_time\" content=\"2017-06-05T11:55:45+00:00\" \/>\n<meta property=\"article:modified_time\" content=\"2017-11-27T15:46:20+00:00\" \/>\n<meta property=\"og:image\" content=\"https:\/\/efimarket.com\/blog\/wp-content\/uploads\/2017\/06\/descarga.jpg\" \/>\n<meta name=\"author\" content=\"admin\" \/>\n<meta name=\"twitter:card\" content=\"summary_large_image\" \/>\n<meta name=\"twitter:creator\" content=\"@efimarket\" \/>\n<meta name=\"twitter:site\" content=\"@efimarket\" \/>\n<meta name=\"twitter:label1\" content=\"Escrito por\" \/>\n\t<meta name=\"twitter:data1\" content=\"admin\" \/>\n\t<meta name=\"twitter:label2\" content=\"Tiempo de lectura\" \/>\n\t<meta name=\"twitter:data2\" content=\"2 minutos\" \/>\n<script type=\"application\/ld+json\" class=\"yoast-schema-graph\">{\"@context\":\"https:\/\/schema.org\",\"@graph\":[{\"@type\":\"Article\",\"@id\":\"https:\/\/efimarket.com\/blog\/un-semillero-con-una-caja-de-frutas\/#article\",\"isPartOf\":{\"@id\":\"https:\/\/efimarket.com\/blog\/un-semillero-con-una-caja-de-frutas\/\"},\"author\":{\"name\":\"admin\",\"@id\":\"https:\/\/efimarket.com\/blog\/#\/schema\/person\/bcdfc5ed5349e71b739ff3a2bdf624cf\"},\"headline\":\"Un semillero con una caja de frutas\",\"datePublished\":\"2017-06-05T11:55:45+00:00\",\"dateModified\":\"2017-11-27T15:46:20+00:00\",\"mainEntityOfPage\":{\"@id\":\"https:\/\/efimarket.com\/blog\/un-semillero-con-una-caja-de-frutas\/\"},\"wordCount\":420,\"commentCount\":0,\"publisher\":{\"@id\":\"https:\/\/efimarket.com\/blog\/#organization\"},\"image\":{\"@id\":\"https:\/\/efimarket.com\/blog\/un-semillero-con-una-caja-de-frutas\/#primaryimage\"},\"thumbnailUrl\":\"https:\/\/efimarket.com\/blog\/wp-content\/uploads\/2017\/06\/descarga.jpg\",\"inLanguage\":\"es\",\"potentialAction\":[{\"@type\":\"CommentAction\",\"name\":\"Comment\",\"target\":[\"https:\/\/efimarket.com\/blog\/un-semillero-con-una-caja-de-frutas\/#respond\"]}]},{\"@type\":\"WebPage\",\"@id\":\"https:\/\/efimarket.com\/blog\/un-semillero-con-una-caja-de-frutas\/\",\"url\":\"https:\/\/efimarket.com\/blog\/un-semillero-con-una-caja-de-frutas\/\",\"name\":\"Un semillero con una caja de frutas - Efimarket\",\"isPartOf\":{\"@id\":\"https:\/\/efimarket.com\/blog\/#website\"},\"primaryImageOfPage\":{\"@id\":\"https:\/\/efimarket.com\/blog\/un-semillero-con-una-caja-de-frutas\/#primaryimage\"},\"image\":{\"@id\":\"https:\/\/efimarket.com\/blog\/un-semillero-con-una-caja-de-frutas\/#primaryimage\"},\"thumbnailUrl\":\"https:\/\/efimarket.com\/blog\/wp-content\/uploads\/2017\/06\/descarga.jpg\",\"datePublished\":\"2017-06-05T11:55:45+00:00\",\"dateModified\":\"2017-11-27T15:46:20+00:00\",\"breadcrumb\":{\"@id\":\"https:\/\/efimarket.com\/blog\/un-semillero-con-una-caja-de-frutas\/#breadcrumb\"},\"inLanguage\":\"es\",\"potentialAction\":[{\"@type\":\"ReadAction\",\"target\":[\"https:\/\/efimarket.com\/blog\/un-semillero-con-una-caja-de-frutas\/\"]}]},{\"@type\":\"ImageObject\",\"inLanguage\":\"es\",\"@id\":\"https:\/\/efimarket.com\/blog\/un-semillero-con-una-caja-de-frutas\/#primaryimage\",\"url\":\"https:\/\/efimarket.com\/blog\/wp-content\/uploads\/2017\/06\/descarga.jpg\",\"contentUrl\":\"https:\/\/efimarket.com\/blog\/wp-content\/uploads\/2017\/06\/descarga.jpg\"},{\"@type\":\"BreadcrumbList\",\"@id\":\"https:\/\/efimarket.com\/blog\/un-semillero-con-una-caja-de-frutas\/#breadcrumb\",\"itemListElement\":[{\"@type\":\"ListItem\",\"position\":1,\"name\":\"Portada\",\"item\":\"https:\/\/efimarket.com\/blog\/\"},{\"@type\":\"ListItem\",\"position\":2,\"name\":\"Un semillero con una caja de frutas\"}]},{\"@type\":\"WebSite\",\"@id\":\"https:\/\/efimarket.com\/blog\/#website\",\"url\":\"https:\/\/efimarket.com\/blog\/\",\"name\":\"Efimarket\",\"description\":\"El blog de Efimarket.com 2025\",\"publisher\":{\"@id\":\"https:\/\/efimarket.com\/blog\/#organization\"},\"potentialAction\":[{\"@type\":\"SearchAction\",\"target\":{\"@type\":\"EntryPoint\",\"urlTemplate\":\"https:\/\/efimarket.com\/blog\/?s={search_term_string}\"},\"query-input\":{\"@type\":\"PropertyValueSpecification\",\"valueRequired\":true,\"valueName\":\"search_term_string\"}}],\"inLanguage\":\"es\"},{\"@type\":\"Organization\",\"@id\":\"https:\/\/efimarket.com\/blog\/#organization\",\"name\":\"Efimarket\",\"url\":\"https:\/\/efimarket.com\/blog\/\",\"logo\":{\"@type\":\"ImageObject\",\"inLanguage\":\"es\",\"@id\":\"https:\/\/efimarket.com\/blog\/#\/schema\/logo\/image\/\",\"url\":\"https:\/\/efimarket.com\/blog\/wp-content\/uploads\/2017\/04\/cropped-logo2.png\",\"contentUrl\":\"https:\/\/efimarket.com\/blog\/wp-content\/uploads\/2017\/04\/cropped-logo2.png\",\"width\":534,\"height\":250,\"caption\":\"Efimarket\"},\"image\":{\"@id\":\"https:\/\/efimarket.com\/blog\/#\/schema\/logo\/image\/\"},\"sameAs\":[\"https:\/\/www.facebook.com\/efimarket\",\"https:\/\/x.com\/efimarket\",\"https:\/\/www.pinterest.es\/efimarket\/\",\"https:\/\/www.youtube.com\/user\/efimarketcom\"]},{\"@type\":\"Person\",\"@id\":\"https:\/\/efimarket.com\/blog\/#\/schema\/person\/bcdfc5ed5349e71b739ff3a2bdf624cf\",\"name\":\"admin\",\"image\":{\"@type\":\"ImageObject\",\"inLanguage\":\"es\",\"@id\":\"https:\/\/efimarket.com\/blog\/#\/schema\/person\/image\/\",\"url\":\"https:\/\/secure.gravatar.com\/avatar\/977f22003c85ee7339a23bcbba898034?s=96&d=mm&r=g\",\"contentUrl\":\"https:\/\/secure.gravatar.com\/avatar\/977f22003c85ee7339a23bcbba898034?s=96&d=mm&r=g\",\"caption\":\"admin\"}}]}<\/script>\n<!-- \/ Yoast SEO plugin. -->","yoast_head_json":{"title":"Un semillero con una caja de frutas - Efimarket","robots":{"index":"index","follow":"follow","max-snippet":"max-snippet:-1","max-image-preview":"max-image-preview:large","max-video-preview":"max-video-preview:-1"},"canonical":"https:\/\/efimarket.com\/blog\/un-semillero-con-una-caja-de-frutas\/","og_locale":"es_ES","og_type":"article","og_title":"Un semillero con una caja de frutas - Efimarket","og_description":"Con una caja de fruta de madera y unos cuantos productos baratos y f\u00e1ciles de conseguir podr\u00e1s hacer este bonito semillero-invernadero y comenzar tu \u201ccarrera\u201d como horticultor urbano o incluso implicar a tus hijos. Ciertas especies se empiezan a plantar en primavera, pero ahora que es verano a\u00fan hay tiempo para cultivar una segunda tanda\u2026 &hellip; Continuar leyendo \"Un semillero con una caja de frutas\"","og_url":"https:\/\/efimarket.com\/blog\/un-semillero-con-una-caja-de-frutas\/","og_site_name":"Efimarket","article_publisher":"https:\/\/www.facebook.com\/efimarket","article_published_time":"2017-06-05T11:55:45+00:00","article_modified_time":"2017-11-27T15:46:20+00:00","og_image":[{"url":"https:\/\/efimarket.com\/blog\/wp-content\/uploads\/2017\/06\/descarga.jpg","type":"","width":"","height":""}],"author":"admin","twitter_card":"summary_large_image","twitter_creator":"@efimarket","twitter_site":"@efimarket","twitter_misc":{"Escrito por":"admin","Tiempo de lectura":"2 minutos"},"schema":{"@context":"https:\/\/schema.org","@graph":[{"@type":"Article","@id":"https:\/\/efimarket.com\/blog\/un-semillero-con-una-caja-de-frutas\/#article","isPartOf":{"@id":"https:\/\/efimarket.com\/blog\/un-semillero-con-una-caja-de-frutas\/"},"author":{"name":"admin","@id":"https:\/\/efimarket.com\/blog\/#\/schema\/person\/bcdfc5ed5349e71b739ff3a2bdf624cf"},"headline":"Un semillero con una caja de frutas","datePublished":"2017-06-05T11:55:45+00:00","dateModified":"2017-11-27T15:46:20+00:00","mainEntityOfPage":{"@id":"https:\/\/efimarket.com\/blog\/un-semillero-con-una-caja-de-frutas\/"},"wordCount":420,"commentCount":0,"publisher":{"@id":"https:\/\/efimarket.com\/blog\/#organization"},"image":{"@id":"https:\/\/efimarket.com\/blog\/un-semillero-con-una-caja-de-frutas\/#primaryimage"},"thumbnailUrl":"https:\/\/efimarket.com\/blog\/wp-content\/uploads\/2017\/06\/descarga.jpg","inLanguage":"es","potentialAction":[{"@type":"CommentAction","name":"Comment","target":["https:\/\/efimarket.com\/blog\/un-semillero-con-una-caja-de-frutas\/#respond"]}]},{"@type":"WebPage","@id":"https:\/\/efimarket.com\/blog\/un-semillero-con-una-caja-de-frutas\/","url":"https:\/\/efimarket.com\/blog\/un-semillero-con-una-caja-de-frutas\/","name":"Un semillero con una caja de frutas - Efimarket","isPartOf":{"@id":"https:\/\/efimarket.com\/blog\/#website"},"primaryImageOfPage":{"@id":"https:\/\/efimarket.com\/blog\/un-semillero-con-una-caja-de-frutas\/#primaryimage"},"image":{"@id":"https:\/\/efimarket.com\/blog\/un-semillero-con-una-caja-de-frutas\/#primaryimage"},"thumbnailUrl":"https:\/\/efimarket.com\/blog\/wp-content\/uploads\/2017\/06\/descarga.jpg","datePublished":"2017-06-05T11:55:45+00:00","dateModified":"2017-11-27T15:46:20+00:00","breadcrumb":{"@id":"https:\/\/efimarket.com\/blog\/un-semillero-con-una-caja-de-frutas\/#breadcrumb"},"inLanguage":"es","potentialAction":[{"@type":"ReadAction","target":["https:\/\/efimarket.com\/blog\/un-semillero-con-una-caja-de-frutas\/"]}]},{"@type":"ImageObject","inLanguage":"es","@id":"https:\/\/efimarket.com\/blog\/un-semillero-con-una-caja-de-frutas\/#primaryimage","url":"https:\/\/efimarket.com\/blog\/wp-content\/uploads\/2017\/06\/descarga.jpg","contentUrl":"https:\/\/efimarket.com\/blog\/wp-content\/uploads\/2017\/06\/descarga.jpg"},{"@type":"BreadcrumbList","@id":"https:\/\/efimarket.com\/blog\/un-semillero-con-una-caja-de-frutas\/#breadcrumb","itemListElement":[{"@type":"ListItem","position":1,"name":"Portada","item":"https:\/\/efimarket.com\/blog\/"},{"@type":"ListItem","position":2,"name":"Un semillero con una caja de frutas"}]},{"@type":"WebSite","@id":"https:\/\/efimarket.com\/blog\/#website","url":"https:\/\/efimarket.com\/blog\/","name":"Efimarket","description":"El blog de Efimarket.com 2025","publisher":{"@id":"https:\/\/efimarket.com\/blog\/#organization"},"potentialAction":[{"@type":"SearchAction","target":{"@type":"EntryPoint","urlTemplate":"https:\/\/efimarket.com\/blog\/?s={search_term_string}"},"query-input":{"@type":"PropertyValueSpecification","valueRequired":true,"valueName":"search_term_string"}}],"inLanguage":"es"},{"@type":"Organization","@id":"https:\/\/efimarket.com\/blog\/#organization","name":"Efimarket","url":"https:\/\/efimarket.com\/blog\/","logo":{"@type":"ImageObject","inLanguage":"es","@id":"https:\/\/efimarket.com\/blog\/#\/schema\/logo\/image\/","url":"https:\/\/efimarket.com\/blog\/wp-content\/uploads\/2017\/04\/cropped-logo2.png","contentUrl":"https:\/\/efimarket.com\/blog\/wp-content\/uploads\/2017\/04\/cropped-logo2.png","width":534,"height":250,"caption":"Efimarket"},"image":{"@id":"https:\/\/efimarket.com\/blog\/#\/schema\/logo\/image\/"},"sameAs":["https:\/\/www.facebook.com\/efimarket","https:\/\/x.com\/efimarket","https:\/\/www.pinterest.es\/efimarket\/","https:\/\/www.youtube.com\/user\/efimarketcom"]},{"@type":"Person","@id":"https:\/\/efimarket.com\/blog\/#\/schema\/person\/bcdfc5ed5349e71b739ff3a2bdf624cf","name":"admin","image":{"@type":"ImageObject","inLanguage":"es","@id":"https:\/\/efimarket.com\/blog\/#\/schema\/person\/image\/","url":"https:\/\/secure.gravatar.com\/avatar\/977f22003c85ee7339a23bcbba898034?s=96&d=mm&r=g","contentUrl":"https:\/\/secure.gravatar.com\/avatar\/977f22003c85ee7339a23bcbba898034?s=96&d=mm&r=g","caption":"admin"}}]}},"_links":{"self":[{"href":"https:\/\/efimarket.com\/blog\/wp-json\/wp\/v2\/posts\/11217","targetHints":{"allow":["GET"]}}],"collection":[{"href":"https:\/\/efimarket.com\/blog\/wp-json\/wp\/v2\/posts"}],"about":[{"href":"https:\/\/efimarket.com\/blog\/wp-json\/wp\/v2\/types\/post"}],"author":[{"embeddable":true,"href":"https:\/\/efimarket.com\/blog\/wp-json\/wp\/v2\/users\/1"}],"replies":[{"embeddable":true,"href":"https:\/\/efimarket.com\/blog\/wp-json\/wp\/v2\/comments?post=11217"}],"version-history":[{"count":0,"href":"https:\/\/efimarket.com\/blog\/wp-json\/wp\/v2\/posts\/11217\/revisions"}],"wp:attachment":[{"href":"https:\/\/efimarket.com\/blog\/wp-json\/wp\/v2\/media?parent=11217"}],"wp:term":[{"taxonomy":"category","embeddable":true,"href":"https:\/\/efimarket.com\/blog\/wp-json\/wp\/v2\/categories?post=11217"},{"taxonomy":"post_tag","embeddable":true,"href":"https:\/\/efimarket.com\/blog\/wp-json\/wp\/v2\/tags?post=11217"}],"curies":[{"name":"wp","href":"https:\/\/api.w.org\/{rel}","templated":true}]}}