{"id":10513,"date":"2016-06-13T13:05:07","date_gmt":"2016-06-13T11:05:07","guid":{"rendered":"http:\/\/www.efimarket.com\/blog\/?p=10513"},"modified":"2017-11-27T16:46:43","modified_gmt":"2017-11-27T15:46:43","slug":"la-nueva-etiqueta-ecodesign-para-el-aire-acondicionado","status":"publish","type":"post","link":"https:\/\/efimarket.com\/blog\/la-nueva-etiqueta-ecodesign-para-el-aire-acondicionado\/","title":{"rendered":"La nueva etiqueta Ecodesign para el aire acondicionado"},"content":{"rendered":"<p><img loading=\"lazy\" decoding=\"async\" class=\"alignnone size-medium wp-image-10514\" src=\"http:\/\/www.efimarket.com\/blog\/wp-content\/uploads\/2016\/06\/ecoeficiencia-300x134.jpg\" alt=\"ecoeficiencia\" width=\"300\" height=\"134\" \/><\/p>\n<div style=\"text-align: justify;\">\u00a0En septiembre de 2015 entraron en vigor las <strong>directivas europeas Ecodesign (ErP) y Ecolabelling (ELD<\/strong>).\u00a0Con ellas la Uni\u00f3n Europea busca una mejora de la <strong>eficiencia energ\u00e9tica en los equipos de aire acondicionado<\/strong>, <strong>calefacci\u00f3n y ACS (agua caliente sanitaria).<\/strong><\/div>\n<div style=\"text-align: justify;\"><\/div>\n<div style=\"text-align: justify;\">\n<div class='tm-tweet-clear'><\/div>\n<div class='tm-click-to-tweet'>\n<div class='tm-ctt-text'><a href='https:\/\/twitter.com\/share?text=La+nueva+etiqueta+Ecodesign+para+el+aire+acondicionado+https%3A%2F%2Fgoo.gl%2FcF6d7H&#038;url=https:\/\/efimarket.com\/blog\/la-nueva-etiqueta-ecodesign-para-el-aire-acondicionado\/' target='_blank'>La nueva etiqueta Ecodesign para el aire acondicionado https:\/\/goo.gl\/cF6d7H<\/a><\/div>\n<p><a href='https:\/\/twitter.com\/share?text=La+nueva+etiqueta+Ecodesign+para+el+aire+acondicionado+https%3A%2F%2Fgoo.gl%2FcF6d7H&#038;url=https:\/\/efimarket.com\/blog\/la-nueva-etiqueta-ecodesign-para-el-aire-acondicionado\/' target='_blank' class='tm-ctt-btn'>Click To Tweet<\/a><\/p>\n<div class='tm-ctt-tip'><\/div>\n<\/div>\n<\/div>\n<div style=\"text-align: justify;\"><\/div>\n<div style=\"text-align: justify;\">\n<p>La Directiva Ecodesign (ErP) afecta al <strong>dise\u00f1o ecol\u00f3gico y es obligatoria en todos los pa\u00edses de la UE.<\/strong> Esta normativa determina los niveles m\u00ednimos de eficiencia, las emisiones m\u00e1ximas de NOx, el nivel de ruido de las bombas de calor, termos el\u00e9ctricos o calderas el\u00e9ctricas, entre otros, y el nivel m\u00e1ximo admisible de p\u00e9rdidas t\u00e9rmicas en los dep\u00f3sitos de A.C.S.<\/p>\n<\/div>\n<p><!--more--><\/p>\n<div style=\"text-align: justify;\">\n<p>Desde el 26 septiembre pasado, fecha en que entr\u00f3 en vigor, no se pueden comercializar equipos que cumplan estos par\u00e1metros. As\u00ed, hay que revisar las etiquetas energ\u00e9ticas si buscamos <strong>ofertas de aire acondicionado\u00a0<\/strong><a href=\"http:\/\/www.climaofertas.com\/\" target=\"_blank\" rel=\"noopener noreferrer\"><strong>(ver aqu\u00ed)<\/strong><\/a> para asegurarnos de que cumplen las nuevas normas. Algunos fabricantes aplican esta norma de forma estricta desde hace tiempo. Es el caso del <strong>aire acondicionado Toshiba<\/strong>, que se puede adquirir en nuestra tienda de <strong>aire acondicionado online<\/strong>.La directiva ErP afecta a todos los productos relacionados con la energ\u00eda y regula el dise\u00f1o ambientalmente responsable de los productos y los sistemas mediante unn nuevo sistema de etiquetado.<\/p>\n<p>El objetivo que se ha marcado la Uni\u00f3n Europea con la nueva normativa es lograr que en 2020 se haya incrementado la eficiencia energ\u00e9tica en un 20%. Tambi\u00e9n se pretende reducir los niveles de CO2 en un 20% (comparado con 1990) as\u00ed como la cantidad de energ\u00eda renovable que se emplea en la fabricaci\u00f3n de estos equipos.<\/p>\n<p>Para que los consumidores puedan elegir con mayor facilidad los equipos m\u00e1s eficientes se ha dise\u00f1ado la <strong>etiqueta Ecodesign<\/strong>. En ella se clasifican en <strong>clases energ\u00e9ticas tanto los productos como los sistemas. <\/strong><\/p>\n<p>La Directiva ErP o Directiva de Ecodise\u00f1o regula los requisitos de <strong>dise\u00f1o ecol\u00f3gico para los\u00a0productos relacionados con la energ\u00eda.<\/strong> Los aparatos de climatizaci\u00f3n que se ven afectados son los calentadores de espacio de hasta 400 kW, <strong>los calentadores\u00a0de agua y dep\u00f3sitos de almacenamiento de agua caliente<\/strong> hasta 400 kW, los <strong>aparatos de aire acondicionado<\/strong> y y\u00a0<strong>bombas de calor aire-aire<\/strong> hasta 12 kW y las unidades de\u00a0ventilaci\u00f3n.<\/p>\n<p>Con todo ello se pretende eliminar paulatinamente del mercado los productos menos eficientes del mercado.<\/p>\n<\/div>\n<h2 style=\"text-align: justify;\">EL AIRE ACONDICIONADO TOSHIBA Y LA EFICIENCIA ENERG\u00c9TICA<\/h2>\n<div style=\"text-align: justify;\">\n<p>Una de las novedades es que en el <strong>aire acondicionado se mide la eficienciaestacional<\/strong>. Para ello se han establecido tres zonas clim\u00e1ticas en Europa tomando como referencia las temperaturas de Atenas, Estrasburgo y Helsinki.Dentro de esta nueva regulaci\u00f3n, <strong>el <\/strong>\u00a0aplica\u00a0 todos los requisitos de las normativas <strong>Lot 10 y Lot 11 en todos sus productos<\/strong>.<\/p>\n<p>La Lot 10 es la que hace referencia a la eficiencia energ\u00e9tica estacional y la mejor forma de conocer el verdadero consumo de un aparato, dependiendo de d\u00f3nde se vaya a utilizar. La Lot 11 establece los l\u00edmites de eficiencia energ\u00e9tica m\u00ednimos para los <strong>motores de ventiladores de aire acondicionado. <\/strong>Este dato se incluye en las placas de identificaci\u00f3n de los equipos.<\/p>\n<\/div>\n","protected":false},"excerpt":{"rendered":"<p>\u00a0En septiembre de 2015 entraron en vigor las directivas europeas Ecodesign (ErP) y Ecolabelling (ELD).\u00a0Con ellas la Uni\u00f3n Europea busca una mejora de la eficiencia energ\u00e9tica en los equipos de aire acondicionado, calefacci\u00f3n y ACS (agua caliente sanitaria). La nueva etiqueta Ecodesign para el aire acondicionado https:\/\/goo.gl\/cF6d7H Click To Tweet La Directiva Ecodesign (ErP) afecta &hellip; <\/p>\n<p class=\"link-more\"><a href=\"https:\/\/efimarket.com\/blog\/la-nueva-etiqueta-ecodesign-para-el-aire-acondicionado\/\" class=\"more-link\">Continuar leyendo<span class=\"screen-reader-text\"> \u00abLa nueva etiqueta Ecodesign para el aire acondicionado\u00bb<\/span><\/a><\/p>\n","protected":false},"author":1,"featured_media":0,"comment_status":"open","ping_status":"open","sticky":false,"template":"","format":"standard","meta":{"footnotes":""},"categories":[1093],"tags":[],"class_list":["post-10513","post","type-post","status-publish","format-standard","hentry","category-climatizacion-hogar"],"yoast_head":"<!-- This site is optimized with the Yoast SEO plugin v24.8.1 - https:\/\/yoast.com\/wordpress\/plugins\/seo\/ -->\n<title>La nueva etiqueta Ecodesign para el aire acondicionado - Efimarket<\/title>\n<meta name=\"robots\" content=\"index, follow, max-snippet:-1, max-image-preview:large, max-video-preview:-1\" \/>\n<link rel=\"canonical\" href=\"https:\/\/efimarket.com\/blog\/la-nueva-etiqueta-ecodesign-para-el-aire-acondicionado\/\" \/>\n<meta property=\"og:locale\" content=\"es_ES\" \/>\n<meta property=\"og:type\" content=\"article\" \/>\n<meta property=\"og:title\" content=\"La nueva etiqueta Ecodesign para el aire acondicionado - Efimarket\" \/>\n<meta property=\"og:description\" content=\"\u00a0En septiembre de 2015 entraron en vigor las directivas europeas Ecodesign (ErP) y Ecolabelling (ELD).\u00a0Con ellas la Uni\u00f3n Europea busca una mejora de la eficiencia energ\u00e9tica en los equipos de aire acondicionado, calefacci\u00f3n y ACS (agua caliente sanitaria). La nueva etiqueta Ecodesign para el aire acondicionado https:\/\/goo.gl\/cF6d7H Click To Tweet La Directiva Ecodesign (ErP) afecta &hellip; Continuar leyendo &quot;La nueva etiqueta Ecodesign para el aire acondicionado&quot;\" \/>\n<meta property=\"og:url\" content=\"https:\/\/efimarket.com\/blog\/la-nueva-etiqueta-ecodesign-para-el-aire-acondicionado\/\" \/>\n<meta property=\"og:site_name\" content=\"Efimarket\" \/>\n<meta property=\"article:publisher\" content=\"https:\/\/www.facebook.com\/efimarket\" \/>\n<meta property=\"article:published_time\" content=\"2016-06-13T11:05:07+00:00\" \/>\n<meta property=\"article:modified_time\" content=\"2017-11-27T15:46:43+00:00\" \/>\n<meta property=\"og:image\" content=\"http:\/\/www.efimarket.com\/blog\/wp-content\/uploads\/2016\/06\/ecoeficiencia-300x134.jpg\" \/>\n<meta name=\"author\" content=\"admin\" \/>\n<meta name=\"twitter:card\" content=\"summary_large_image\" \/>\n<meta name=\"twitter:creator\" content=\"@efimarket\" \/>\n<meta name=\"twitter:site\" content=\"@efimarket\" \/>\n<meta name=\"twitter:label1\" content=\"Escrito por\" \/>\n\t<meta name=\"twitter:data1\" content=\"admin\" \/>\n\t<meta name=\"twitter:label2\" content=\"Tiempo de lectura\" \/>\n\t<meta name=\"twitter:data2\" content=\"3 minutos\" \/>\n<script type=\"application\/ld+json\" class=\"yoast-schema-graph\">{\"@context\":\"https:\/\/schema.org\",\"@graph\":[{\"@type\":\"Article\",\"@id\":\"https:\/\/efimarket.com\/blog\/la-nueva-etiqueta-ecodesign-para-el-aire-acondicionado\/#article\",\"isPartOf\":{\"@id\":\"https:\/\/efimarket.com\/blog\/la-nueva-etiqueta-ecodesign-para-el-aire-acondicionado\/\"},\"author\":{\"name\":\"admin\",\"@id\":\"https:\/\/efimarket.com\/blog\/#\/schema\/person\/bcdfc5ed5349e71b739ff3a2bdf624cf\"},\"headline\":\"La nueva etiqueta Ecodesign para el aire acondicionado\",\"datePublished\":\"2016-06-13T11:05:07+00:00\",\"dateModified\":\"2017-11-27T15:46:43+00:00\",\"mainEntityOfPage\":{\"@id\":\"https:\/\/efimarket.com\/blog\/la-nueva-etiqueta-ecodesign-para-el-aire-acondicionado\/\"},\"wordCount\":555,\"commentCount\":0,\"publisher\":{\"@id\":\"https:\/\/efimarket.com\/blog\/#organization\"},\"image\":{\"@id\":\"https:\/\/efimarket.com\/blog\/la-nueva-etiqueta-ecodesign-para-el-aire-acondicionado\/#primaryimage\"},\"thumbnailUrl\":\"http:\/\/www.efimarket.com\/blog\/wp-content\/uploads\/2016\/06\/ecoeficiencia-300x134.jpg\",\"articleSection\":[\"Climatizaci\u00f3n\"],\"inLanguage\":\"es\",\"potentialAction\":[{\"@type\":\"CommentAction\",\"name\":\"Comment\",\"target\":[\"https:\/\/efimarket.com\/blog\/la-nueva-etiqueta-ecodesign-para-el-aire-acondicionado\/#respond\"]}]},{\"@type\":\"WebPage\",\"@id\":\"https:\/\/efimarket.com\/blog\/la-nueva-etiqueta-ecodesign-para-el-aire-acondicionado\/\",\"url\":\"https:\/\/efimarket.com\/blog\/la-nueva-etiqueta-ecodesign-para-el-aire-acondicionado\/\",\"name\":\"La nueva etiqueta Ecodesign para el aire acondicionado - Efimarket\",\"isPartOf\":{\"@id\":\"https:\/\/efimarket.com\/blog\/#website\"},\"primaryImageOfPage\":{\"@id\":\"https:\/\/efimarket.com\/blog\/la-nueva-etiqueta-ecodesign-para-el-aire-acondicionado\/#primaryimage\"},\"image\":{\"@id\":\"https:\/\/efimarket.com\/blog\/la-nueva-etiqueta-ecodesign-para-el-aire-acondicionado\/#primaryimage\"},\"thumbnailUrl\":\"http:\/\/www.efimarket.com\/blog\/wp-content\/uploads\/2016\/06\/ecoeficiencia-300x134.jpg\",\"datePublished\":\"2016-06-13T11:05:07+00:00\",\"dateModified\":\"2017-11-27T15:46:43+00:00\",\"breadcrumb\":{\"@id\":\"https:\/\/efimarket.com\/blog\/la-nueva-etiqueta-ecodesign-para-el-aire-acondicionado\/#breadcrumb\"},\"inLanguage\":\"es\",\"potentialAction\":[{\"@type\":\"ReadAction\",\"target\":[\"https:\/\/efimarket.com\/blog\/la-nueva-etiqueta-ecodesign-para-el-aire-acondicionado\/\"]}]},{\"@type\":\"ImageObject\",\"inLanguage\":\"es\",\"@id\":\"https:\/\/efimarket.com\/blog\/la-nueva-etiqueta-ecodesign-para-el-aire-acondicionado\/#primaryimage\",\"url\":\"http:\/\/www.efimarket.com\/blog\/wp-content\/uploads\/2016\/06\/ecoeficiencia-300x134.jpg\",\"contentUrl\":\"http:\/\/www.efimarket.com\/blog\/wp-content\/uploads\/2016\/06\/ecoeficiencia-300x134.jpg\"},{\"@type\":\"BreadcrumbList\",\"@id\":\"https:\/\/efimarket.com\/blog\/la-nueva-etiqueta-ecodesign-para-el-aire-acondicionado\/#breadcrumb\",\"itemListElement\":[{\"@type\":\"ListItem\",\"position\":1,\"name\":\"Portada\",\"item\":\"https:\/\/efimarket.com\/blog\/\"},{\"@type\":\"ListItem\",\"position\":2,\"name\":\"La nueva etiqueta Ecodesign para el aire acondicionado\"}]},{\"@type\":\"WebSite\",\"@id\":\"https:\/\/efimarket.com\/blog\/#website\",\"url\":\"https:\/\/efimarket.com\/blog\/\",\"name\":\"Efimarket\",\"description\":\"El blog de Efimarket.com 2025\",\"publisher\":{\"@id\":\"https:\/\/efimarket.com\/blog\/#organization\"},\"potentialAction\":[{\"@type\":\"SearchAction\",\"target\":{\"@type\":\"EntryPoint\",\"urlTemplate\":\"https:\/\/efimarket.com\/blog\/?s={search_term_string}\"},\"query-input\":{\"@type\":\"PropertyValueSpecification\",\"valueRequired\":true,\"valueName\":\"search_term_string\"}}],\"inLanguage\":\"es\"},{\"@type\":\"Organization\",\"@id\":\"https:\/\/efimarket.com\/blog\/#organization\",\"name\":\"Efimarket\",\"url\":\"https:\/\/efimarket.com\/blog\/\",\"logo\":{\"@type\":\"ImageObject\",\"inLanguage\":\"es\",\"@id\":\"https:\/\/efimarket.com\/blog\/#\/schema\/logo\/image\/\",\"url\":\"https:\/\/efimarket.com\/blog\/wp-content\/uploads\/2017\/04\/cropped-logo2.png\",\"contentUrl\":\"https:\/\/efimarket.com\/blog\/wp-content\/uploads\/2017\/04\/cropped-logo2.png\",\"width\":534,\"height\":250,\"caption\":\"Efimarket\"},\"image\":{\"@id\":\"https:\/\/efimarket.com\/blog\/#\/schema\/logo\/image\/\"},\"sameAs\":[\"https:\/\/www.facebook.com\/efimarket\",\"https:\/\/x.com\/efimarket\",\"https:\/\/www.pinterest.es\/efimarket\/\",\"https:\/\/www.youtube.com\/user\/efimarketcom\"]},{\"@type\":\"Person\",\"@id\":\"https:\/\/efimarket.com\/blog\/#\/schema\/person\/bcdfc5ed5349e71b739ff3a2bdf624cf\",\"name\":\"admin\",\"image\":{\"@type\":\"ImageObject\",\"inLanguage\":\"es\",\"@id\":\"https:\/\/efimarket.com\/blog\/#\/schema\/person\/image\/\",\"url\":\"https:\/\/secure.gravatar.com\/avatar\/977f22003c85ee7339a23bcbba898034?s=96&d=mm&r=g\",\"contentUrl\":\"https:\/\/secure.gravatar.com\/avatar\/977f22003c85ee7339a23bcbba898034?s=96&d=mm&r=g\",\"caption\":\"admin\"}}]}<\/script>\n<!-- \/ Yoast SEO plugin. -->","yoast_head_json":{"title":"La nueva etiqueta Ecodesign para el aire acondicionado - Efimarket","robots":{"index":"index","follow":"follow","max-snippet":"max-snippet:-1","max-image-preview":"max-image-preview:large","max-video-preview":"max-video-preview:-1"},"canonical":"https:\/\/efimarket.com\/blog\/la-nueva-etiqueta-ecodesign-para-el-aire-acondicionado\/","og_locale":"es_ES","og_type":"article","og_title":"La nueva etiqueta Ecodesign para el aire acondicionado - Efimarket","og_description":"\u00a0En septiembre de 2015 entraron en vigor las directivas europeas Ecodesign (ErP) y Ecolabelling (ELD).\u00a0Con ellas la Uni\u00f3n Europea busca una mejora de la eficiencia energ\u00e9tica en los equipos de aire acondicionado, calefacci\u00f3n y ACS (agua caliente sanitaria). La nueva etiqueta Ecodesign para el aire acondicionado https:\/\/goo.gl\/cF6d7H Click To Tweet La Directiva Ecodesign (ErP) afecta &hellip; Continuar leyendo \"La nueva etiqueta Ecodesign para el aire acondicionado\"","og_url":"https:\/\/efimarket.com\/blog\/la-nueva-etiqueta-ecodesign-para-el-aire-acondicionado\/","og_site_name":"Efimarket","article_publisher":"https:\/\/www.facebook.com\/efimarket","article_published_time":"2016-06-13T11:05:07+00:00","article_modified_time":"2017-11-27T15:46:43+00:00","og_image":[{"url":"http:\/\/www.efimarket.com\/blog\/wp-content\/uploads\/2016\/06\/ecoeficiencia-300x134.jpg","type":"","width":"","height":""}],"author":"admin","twitter_card":"summary_large_image","twitter_creator":"@efimarket","twitter_site":"@efimarket","twitter_misc":{"Escrito por":"admin","Tiempo de lectura":"3 minutos"},"schema":{"@context":"https:\/\/schema.org","@graph":[{"@type":"Article","@id":"https:\/\/efimarket.com\/blog\/la-nueva-etiqueta-ecodesign-para-el-aire-acondicionado\/#article","isPartOf":{"@id":"https:\/\/efimarket.com\/blog\/la-nueva-etiqueta-ecodesign-para-el-aire-acondicionado\/"},"author":{"name":"admin","@id":"https:\/\/efimarket.com\/blog\/#\/schema\/person\/bcdfc5ed5349e71b739ff3a2bdf624cf"},"headline":"La nueva etiqueta Ecodesign para el aire acondicionado","datePublished":"2016-06-13T11:05:07+00:00","dateModified":"2017-11-27T15:46:43+00:00","mainEntityOfPage":{"@id":"https:\/\/efimarket.com\/blog\/la-nueva-etiqueta-ecodesign-para-el-aire-acondicionado\/"},"wordCount":555,"commentCount":0,"publisher":{"@id":"https:\/\/efimarket.com\/blog\/#organization"},"image":{"@id":"https:\/\/efimarket.com\/blog\/la-nueva-etiqueta-ecodesign-para-el-aire-acondicionado\/#primaryimage"},"thumbnailUrl":"http:\/\/www.efimarket.com\/blog\/wp-content\/uploads\/2016\/06\/ecoeficiencia-300x134.jpg","articleSection":["Climatizaci\u00f3n"],"inLanguage":"es","potentialAction":[{"@type":"CommentAction","name":"Comment","target":["https:\/\/efimarket.com\/blog\/la-nueva-etiqueta-ecodesign-para-el-aire-acondicionado\/#respond"]}]},{"@type":"WebPage","@id":"https:\/\/efimarket.com\/blog\/la-nueva-etiqueta-ecodesign-para-el-aire-acondicionado\/","url":"https:\/\/efimarket.com\/blog\/la-nueva-etiqueta-ecodesign-para-el-aire-acondicionado\/","name":"La nueva etiqueta Ecodesign para el aire acondicionado - Efimarket","isPartOf":{"@id":"https:\/\/efimarket.com\/blog\/#website"},"primaryImageOfPage":{"@id":"https:\/\/efimarket.com\/blog\/la-nueva-etiqueta-ecodesign-para-el-aire-acondicionado\/#primaryimage"},"image":{"@id":"https:\/\/efimarket.com\/blog\/la-nueva-etiqueta-ecodesign-para-el-aire-acondicionado\/#primaryimage"},"thumbnailUrl":"http:\/\/www.efimarket.com\/blog\/wp-content\/uploads\/2016\/06\/ecoeficiencia-300x134.jpg","datePublished":"2016-06-13T11:05:07+00:00","dateModified":"2017-11-27T15:46:43+00:00","breadcrumb":{"@id":"https:\/\/efimarket.com\/blog\/la-nueva-etiqueta-ecodesign-para-el-aire-acondicionado\/#breadcrumb"},"inLanguage":"es","potentialAction":[{"@type":"ReadAction","target":["https:\/\/efimarket.com\/blog\/la-nueva-etiqueta-ecodesign-para-el-aire-acondicionado\/"]}]},{"@type":"ImageObject","inLanguage":"es","@id":"https:\/\/efimarket.com\/blog\/la-nueva-etiqueta-ecodesign-para-el-aire-acondicionado\/#primaryimage","url":"http:\/\/www.efimarket.com\/blog\/wp-content\/uploads\/2016\/06\/ecoeficiencia-300x134.jpg","contentUrl":"http:\/\/www.efimarket.com\/blog\/wp-content\/uploads\/2016\/06\/ecoeficiencia-300x134.jpg"},{"@type":"BreadcrumbList","@id":"https:\/\/efimarket.com\/blog\/la-nueva-etiqueta-ecodesign-para-el-aire-acondicionado\/#breadcrumb","itemListElement":[{"@type":"ListItem","position":1,"name":"Portada","item":"https:\/\/efimarket.com\/blog\/"},{"@type":"ListItem","position":2,"name":"La nueva etiqueta Ecodesign para el aire acondicionado"}]},{"@type":"WebSite","@id":"https:\/\/efimarket.com\/blog\/#website","url":"https:\/\/efimarket.com\/blog\/","name":"Efimarket","description":"El blog de Efimarket.com 2025","publisher":{"@id":"https:\/\/efimarket.com\/blog\/#organization"},"potentialAction":[{"@type":"SearchAction","target":{"@type":"EntryPoint","urlTemplate":"https:\/\/efimarket.com\/blog\/?s={search_term_string}"},"query-input":{"@type":"PropertyValueSpecification","valueRequired":true,"valueName":"search_term_string"}}],"inLanguage":"es"},{"@type":"Organization","@id":"https:\/\/efimarket.com\/blog\/#organization","name":"Efimarket","url":"https:\/\/efimarket.com\/blog\/","logo":{"@type":"ImageObject","inLanguage":"es","@id":"https:\/\/efimarket.com\/blog\/#\/schema\/logo\/image\/","url":"https:\/\/efimarket.com\/blog\/wp-content\/uploads\/2017\/04\/cropped-logo2.png","contentUrl":"https:\/\/efimarket.com\/blog\/wp-content\/uploads\/2017\/04\/cropped-logo2.png","width":534,"height":250,"caption":"Efimarket"},"image":{"@id":"https:\/\/efimarket.com\/blog\/#\/schema\/logo\/image\/"},"sameAs":["https:\/\/www.facebook.com\/efimarket","https:\/\/x.com\/efimarket","https:\/\/www.pinterest.es\/efimarket\/","https:\/\/www.youtube.com\/user\/efimarketcom"]},{"@type":"Person","@id":"https:\/\/efimarket.com\/blog\/#\/schema\/person\/bcdfc5ed5349e71b739ff3a2bdf624cf","name":"admin","image":{"@type":"ImageObject","inLanguage":"es","@id":"https:\/\/efimarket.com\/blog\/#\/schema\/person\/image\/","url":"https:\/\/secure.gravatar.com\/avatar\/977f22003c85ee7339a23bcbba898034?s=96&d=mm&r=g","contentUrl":"https:\/\/secure.gravatar.com\/avatar\/977f22003c85ee7339a23bcbba898034?s=96&d=mm&r=g","caption":"admin"}}]}},"_links":{"self":[{"href":"https:\/\/efimarket.com\/blog\/wp-json\/wp\/v2\/posts\/10513","targetHints":{"allow":["GET"]}}],"collection":[{"href":"https:\/\/efimarket.com\/blog\/wp-json\/wp\/v2\/posts"}],"about":[{"href":"https:\/\/efimarket.com\/blog\/wp-json\/wp\/v2\/types\/post"}],"author":[{"embeddable":true,"href":"https:\/\/efimarket.com\/blog\/wp-json\/wp\/v2\/users\/1"}],"replies":[{"embeddable":true,"href":"https:\/\/efimarket.com\/blog\/wp-json\/wp\/v2\/comments?post=10513"}],"version-history":[{"count":0,"href":"https:\/\/efimarket.com\/blog\/wp-json\/wp\/v2\/posts\/10513\/revisions"}],"wp:attachment":[{"href":"https:\/\/efimarket.com\/blog\/wp-json\/wp\/v2\/media?parent=10513"}],"wp:term":[{"taxonomy":"category","embeddable":true,"href":"https:\/\/efimarket.com\/blog\/wp-json\/wp\/v2\/categories?post=10513"},{"taxonomy":"post_tag","embeddable":true,"href":"https:\/\/efimarket.com\/blog\/wp-json\/wp\/v2\/tags?post=10513"}],"curies":[{"name":"wp","href":"https:\/\/api.w.org\/{rel}","templated":true}]}}